{"id":5357,"date":"2018-05-25T10:44:16","date_gmt":"2018-05-25T08:44:16","guid":{"rendered":"http:\/\/agora.xtec.cat\/escjoanardevol\/?p=5357"},"modified":"2018-05-25T10:44:16","modified_gmt":"2018-05-25T08:44:16","slug":"cicle-inicial-a-lhort-de-la-sinia","status":"publish","type":"post","link":"https:\/\/agora.xtec.cat\/escjoanardevol\/portada\/cicle-inicial-a-lhort-de-la-sinia\/","title":{"rendered":"Cicle Inicial a l&#8217;Hort de la S\u00ednia"},"content":{"rendered":"<p>El dimecres 23 de maig els alumnes de Cicle Inicial vam viatjar fins a Altafulla per tal de realitzar diversos tallers relacionats amb el m\u00f3n dels \u00e9sser vius. L\u2019Hort de la S\u00ednia \u00e9s un hort ecol\u00f2gic on es poden realitzar diverses activitats. Nosaltres vam fer una taller de col\u00f2nia on vam aprendre el nom de moltes plantes arom\u00e0tiques i un dels usos que li podem donar. En finalitzar el taller, ens vam emportar el nostre pot de col\u00f2nia amb frag\u00e0ncia d\u2019esp\u00edgol.<\/p>\n<p>Aix\u00ed mateix vam anar a una zona on vam veure tortugues de riu i de terra aut\u00f2ctones i\u00a0 tortugues ex\u00f2tiques. A trav\u00e9s d\u2019un conte que ens van explicar, vam aprendre que les tortugues ex\u00f2tiques s\u00f3n molt agressives per als animals i plantes que viuen aqu\u00ed. Per tant. \u00e9s molt important no alliberar-les als espais naturals.<\/p>\n<p>Tamb\u00e9 vam fer una activitat a la platja sobre les tortugues marines i vam aprendre d\u2019elles: el seu nom cient\u00edfic ( careta careta ), que s\u2019alimenten de meduses i que ponen entre 90 i 110 ous a la sorra de les platges poc habitades pels humans.<\/p>\n<p>Va ser un dia a la natura on vam gaudir molt i del que vam aprendre coses noves.<\/p>\n<p><a href=\"https:\/\/photos.app.goo.gl\/3TBuW5JTmnRJB6nr2\" target=\"_blank\" rel=\"noopener noreferrer\"><img loading=\"lazy\" decoding=\"async\" class=\"alignnone wp-image-5358 size-medium\" src=\"http:\/\/agora.xtec.cat\/escjoanardevol\/wp-content\/uploads\/usu550\/2018\/05\/IMG_0123-c\u00f2pia-300x225.jpg\" alt=\"\" width=\"300\" height=\"225\" srcset=\"https:\/\/agora.xtec.cat\/escjoanardevol\/wp-content\/uploads\/usu550\/2018\/05\/IMG_0123-c\u00f2pia-300x225.jpg 300w, https:\/\/agora.xtec.cat\/escjoanardevol\/wp-content\/uploads\/usu550\/2018\/05\/IMG_0123-c\u00f2pia-768x576.jpg 768w, https:\/\/agora.xtec.cat\/escjoanardevol\/wp-content\/uploads\/usu550\/2018\/05\/IMG_0123-c\u00f2pia-1024x768.jpg 1024w, https:\/\/agora.xtec.cat\/escjoanardevol\/wp-content\/uploads\/usu550\/2018\/05\/IMG_0123-c\u00f2pia-200x150.jpg 200w, https:\/\/agora.xtec.cat\/escjoanardevol\/wp-content\/uploads\/usu550\/2018\/05\/IMG_0123-c\u00f2pia.jpg 1288w\" sizes=\"auto, (max-width: 300px) 100vw, 300px\" \/><\/a><\/p>\n","protected":false},"excerpt":{"rendered":"<p>El dimecres 23 de maig els alumnes de Cicle Inicial vam viatjar fins a Altafulla per tal de realitzar diversos tallers relacionats amb el m\u00f3n dels \u00e9sser vius. L\u2019Hort de la S\u00ednia \u00e9s un hort ecol\u00f2gic on es poden realitzar diverses activitats. Nosaltres vam fer&hellip;  <a href=\"https:\/\/agora.xtec.cat\/escjoanardevol\/portada\/cicle-inicial-a-lhort-de-la-sinia\/\" title=\"Read Cicle Inicial a l&#8217;Hort de la S\u00ednia\">Llegeix m\u00e9s\u00bb<\/a><\/p>\n","protected":false},"author":1,"featured_media":5358,"comment_status":"closed","ping_status":"closed","sticky":false,"template":"","format":"standard","meta":{"_bbp_topic_count":0,"_bbp_reply_count":0,"_bbp_total_topic_count":0,"_bbp_total_reply_count":0,"_bbp_voice_count":0,"_bbp_anonymous_reply_count":0,"_bbp_topic_count_hidden":0,"_bbp_reply_count_hidden":0,"_bbp_forum_subforum_count":0,"footnotes":""},"categories":[10,11,4],"tags":[75,140,16],"class_list":["post-5357","post","type-post","status-publish","format-standard","has-post-thumbnail","hentry","category-1r","category-2n","category-portada","tag-cicle-inicial","tag-medi","tag-sortides"],"post_mailing_queue_ids":[],"_links":{"self":[{"href":"https:\/\/agora.xtec.cat\/escjoanardevol\/wp-json\/wp\/v2\/posts\/5357","targetHints":{"allow":["GET"]}}],"collection":[{"href":"https:\/\/agora.xtec.cat\/escjoanardevol\/wp-json\/wp\/v2\/posts"}],"about":[{"href":"https:\/\/agora.xtec.cat\/escjoanardevol\/wp-json\/wp\/v2\/types\/post"}],"author":[{"embeddable":true,"href":"https:\/\/agora.xtec.cat\/escjoanardevol\/wp-json\/wp\/v2\/users\/1"}],"replies":[{"embeddable":true,"href":"https:\/\/agora.xtec.cat\/escjoanardevol\/wp-json\/wp\/v2\/comments?post=5357"}],"version-history":[{"count":1,"href":"https:\/\/agora.xtec.cat\/escjoanardevol\/wp-json\/wp\/v2\/posts\/5357\/revisions"}],"predecessor-version":[{"id":5359,"href":"https:\/\/agora.xtec.cat\/escjoanardevol\/wp-json\/wp\/v2\/posts\/5357\/revisions\/5359"}],"wp:featuredmedia":[{"embeddable":true,"href":"https:\/\/agora.xtec.cat\/escjoanardevol\/wp-json\/wp\/v2\/media\/5358"}],"wp:attachment":[{"href":"https:\/\/agora.xtec.cat\/escjoanardevol\/wp-json\/wp\/v2\/media?parent=5357"}],"wp:term":[{"taxonomy":"category","embeddable":true,"href":"https:\/\/agora.xtec.cat\/escjoanardevol\/wp-json\/wp\/v2\/categories?post=5357"},{"taxonomy":"post_tag","embeddable":true,"href":"https:\/\/agora.xtec.cat\/escjoanardevol\/wp-json\/wp\/v2\/tags?post=5357"}],"curies":[{"name":"wp","href":"https:\/\/api.w.org\/{rel}","templated":true}]}}