{"id":5354,"date":"2018-05-23T13:44:32","date_gmt":"2018-05-23T11:44:32","guid":{"rendered":"http:\/\/agora.xtec.cat\/escjoanardevol\/?p=5354"},"modified":"2018-05-23T13:44:32","modified_gmt":"2018-05-23T11:44:32","slug":"cm-visita-les-coves-de-lespluga-de-francoli","status":"publish","type":"post","link":"https:\/\/agora.xtec.cat\/escjoanardevol\/portada\/cm-visita-les-coves-de-lespluga-de-francoli\/","title":{"rendered":"CM visita les coves de l&#8217;Espluga de Francol\u00ed"},"content":{"rendered":"<p>Els alumnes de cicle mitj\u00e0 vam anat a visitar les coves de l\u2019Espluga de Francol\u00ed.<br \/>\nEns van explicar com els homes de la prehist\u00f2ria feien foc amb pedres fogueres o amb pals, amb una fusta tova i una de dura. Vam aprendre sobre l\u2019evoluci\u00f3 de l\u2019home.\u00a0 Ara som homo S\u00e0piens, per\u00f2 a Europa tamb\u00e9 hi havia Neandertals. Hem fet una pintura tal i com pintaven ells a les coves.\u00a0 \u00c9s un dibuix molt simple, que mostra els ca\u00e7adors i les preses.<br \/>\nLes coves les va formar un riu subterrani.<br \/>\nVam estar al naixement del riu Francol\u00ed i vam beure\u2019n aigua de les fonts.<br \/>\nTamb\u00e9 vam visitar un obrador on fan galetes. Feia molt bona olor.<\/p>\n<p><a href=\"https:\/\/photos.app.goo.gl\/UXOQdWiYpbEcTTVv2\" target=\"_blank\" rel=\"noopener noreferrer\"><img loading=\"lazy\" decoding=\"async\" class=\"alignnone wp-image-5355 size-medium\" src=\"http:\/\/agora.xtec.cat\/escjoanardevol\/wp-content\/uploads\/usu550\/2018\/05\/IMG_0051-300x225.jpg\" alt=\"\" width=\"300\" height=\"225\" srcset=\"https:\/\/agora.xtec.cat\/escjoanardevol\/wp-content\/uploads\/usu550\/2018\/05\/IMG_0051-300x225.jpg 300w, https:\/\/agora.xtec.cat\/escjoanardevol\/wp-content\/uploads\/usu550\/2018\/05\/IMG_0051-768x576.jpg 768w, https:\/\/agora.xtec.cat\/escjoanardevol\/wp-content\/uploads\/usu550\/2018\/05\/IMG_0051-1024x768.jpg 1024w, https:\/\/agora.xtec.cat\/escjoanardevol\/wp-content\/uploads\/usu550\/2018\/05\/IMG_0051-200x150.jpg 200w, https:\/\/agora.xtec.cat\/escjoanardevol\/wp-content\/uploads\/usu550\/2018\/05\/IMG_0051.jpg 2048w\" sizes=\"auto, (max-width: 300px) 100vw, 300px\" \/><\/a><\/p>\n","protected":false},"excerpt":{"rendered":"<p>Els alumnes de cicle mitj\u00e0 vam anat a visitar les coves de l\u2019Espluga de Francol\u00ed.<br \/>\nEns van explicar com els homes de la prehist\u00f2ria feien foc amb pedres fogueres o amb pals, amb una fusta tova i una de dura. Vam aprendre sobre l\u2019evoluci\u00f3 de l\u2019home.\u00a0&hellip;  <a href=\"https:\/\/agora.xtec.cat\/escjoanardevol\/portada\/cm-visita-les-coves-de-lespluga-de-francoli\/\" title=\"Read CM visita les coves de l&#8217;Espluga de Francol\u00ed\">Llegeix m\u00e9s\u00bb<\/a><\/p>\n","protected":false},"author":1,"featured_media":5355,"comment_status":"closed","ping_status":"closed","sticky":false,"template":"","format":"standard","meta":{"_bbp_topic_count":0,"_bbp_reply_count":0,"_bbp_total_topic_count":0,"_bbp_total_reply_count":0,"_bbp_voice_count":0,"_bbp_anonymous_reply_count":0,"_bbp_topic_count_hidden":0,"_bbp_reply_count_hidden":0,"_bbp_forum_subforum_count":0,"footnotes":""},"categories":[12,13,4],"tags":[59,69,76,140,144,16,182],"class_list":["post-5354","post","type-post","status-publish","format-standard","has-post-thumbnail","hentry","category-3r","category-4t","category-portada","tag-activitats","tag-cambrils","tag-cicle-mitja","tag-medi","tag-museus","tag-sortides","tag-treball"],"post_mailing_queue_ids":[],"_links":{"self":[{"href":"https:\/\/agora.xtec.cat\/escjoanardevol\/wp-json\/wp\/v2\/posts\/5354","targetHints":{"allow":["GET"]}}],"collection":[{"href":"https:\/\/agora.xtec.cat\/escjoanardevol\/wp-json\/wp\/v2\/posts"}],"about":[{"href":"https:\/\/agora.xtec.cat\/escjoanardevol\/wp-json\/wp\/v2\/types\/post"}],"author":[{"embeddable":true,"href":"https:\/\/agora.xtec.cat\/escjoanardevol\/wp-json\/wp\/v2\/users\/1"}],"replies":[{"embeddable":true,"href":"https:\/\/agora.xtec.cat\/escjoanardevol\/wp-json\/wp\/v2\/comments?post=5354"}],"version-history":[{"count":1,"href":"https:\/\/agora.xtec.cat\/escjoanardevol\/wp-json\/wp\/v2\/posts\/5354\/revisions"}],"predecessor-version":[{"id":5356,"href":"https:\/\/agora.xtec.cat\/escjoanardevol\/wp-json\/wp\/v2\/posts\/5354\/revisions\/5356"}],"wp:featuredmedia":[{"embeddable":true,"href":"https:\/\/agora.xtec.cat\/escjoanardevol\/wp-json\/wp\/v2\/media\/5355"}],"wp:attachment":[{"href":"https:\/\/agora.xtec.cat\/escjoanardevol\/wp-json\/wp\/v2\/media?parent=5354"}],"wp:term":[{"taxonomy":"category","embeddable":true,"href":"https:\/\/agora.xtec.cat\/escjoanardevol\/wp-json\/wp\/v2\/categories?post=5354"},{"taxonomy":"post_tag","embeddable":true,"href":"https:\/\/agora.xtec.cat\/escjoanardevol\/wp-json\/wp\/v2\/tags?post=5354"}],"curies":[{"name":"wp","href":"https:\/\/api.w.org\/{rel}","templated":true}]}}