{"id":5351,"date":"2018-05-19T16:08:47","date_gmt":"2018-05-19T14:08:47","guid":{"rendered":"http:\/\/agora.xtec.cat\/escjoanardevol\/?p=5351"},"modified":"2018-05-18T16:12:08","modified_gmt":"2018-05-18T14:12:08","slug":"grups-interactius-a-p4-2","status":"publish","type":"post","link":"https:\/\/agora.xtec.cat\/escjoanardevol\/portada\/grups-interactius-a-p4-2\/","title":{"rendered":"Grups interactius a P4"},"content":{"rendered":"<p>Aquesta setmana a P4 hem dut a terme les \u00faltimes sessions de jocs interactius amb les fam\u00edlies. Al llarg del curs, una vegada al mes, hem realitzat de forma sistem\u00e0tica activitats on els pares tenien un paper important, ja que es convertien en dinamitzadors de l&#8217;activitat que els tocava dirigir. Construccions, trencaclosques, d\u00f2minos, geosticks, jocs de mem\u00f2ria, pissarres magn\u00e8tiques han estat algunes de les activitats que s&#8217;han anat fent en aquestes sessions.<br \/>\nGr\u00e0cies pares i mares per la vostra col\u00b7laboraci\u00f3.<\/p>\n<p><a href=\"https:\/\/photos.app.goo.gl\/ES3OjDj6YzQuUZzm1\" target=\"_blank\" rel=\"noopener noreferrer\"><img loading=\"lazy\" decoding=\"async\" class=\"alignnone wp-image-5352 size-medium\" src=\"http:\/\/agora.xtec.cat\/escjoanardevol\/wp-content\/uploads\/usu550\/2018\/05\/IMG_5142-c\u00f2pia-300x225.jpg\" alt=\"\" width=\"300\" height=\"225\" srcset=\"https:\/\/agora.xtec.cat\/escjoanardevol\/wp-content\/uploads\/usu550\/2018\/05\/IMG_5142-c\u00f2pia-300x225.jpg 300w, https:\/\/agora.xtec.cat\/escjoanardevol\/wp-content\/uploads\/usu550\/2018\/05\/IMG_5142-c\u00f2pia-768x576.jpg 768w, https:\/\/agora.xtec.cat\/escjoanardevol\/wp-content\/uploads\/usu550\/2018\/05\/IMG_5142-c\u00f2pia-1024x768.jpg 1024w, https:\/\/agora.xtec.cat\/escjoanardevol\/wp-content\/uploads\/usu550\/2018\/05\/IMG_5142-c\u00f2pia-200x150.jpg 200w\" sizes=\"auto, (max-width: 300px) 100vw, 300px\" \/><\/a><\/p>\n","protected":false},"excerpt":{"rendered":"<p>Aquesta setmana a P4 hem dut a terme les \u00faltimes sessions de jocs interactius amb les fam\u00edlies. Al llarg del curs, una vegada al mes, hem realitzat de forma sistem\u00e0tica activitats on els pares tenien un paper important, ja que es convertien en dinamitzadors de&hellip;  <a href=\"https:\/\/agora.xtec.cat\/escjoanardevol\/portada\/grups-interactius-a-p4-2\/\" title=\"Read Grups interactius a P4\">Llegeix m\u00e9s\u00bb<\/a><\/p>\n","protected":false},"author":1,"featured_media":5352,"comment_status":"closed","ping_status":"closed","sticky":false,"template":"","format":"standard","meta":{"_bbp_topic_count":0,"_bbp_reply_count":0,"_bbp_total_topic_count":0,"_bbp_total_reply_count":0,"_bbp_voice_count":0,"_bbp_anonymous_reply_count":0,"_bbp_topic_count_hidden":0,"_bbp_reply_count_hidden":0,"_bbp_forum_subforum_count":0,"footnotes":""},"categories":[8,4],"tags":[59,93,94,103],"class_list":["post-5351","post","type-post","status-publish","format-standard","has-post-thumbnail","hentry","category-p4","category-portada","tag-activitats","tag-convivencia","tag-cooperacio","tag-educacio-infantil"],"post_mailing_queue_ids":[],"_links":{"self":[{"href":"https:\/\/agora.xtec.cat\/escjoanardevol\/wp-json\/wp\/v2\/posts\/5351","targetHints":{"allow":["GET"]}}],"collection":[{"href":"https:\/\/agora.xtec.cat\/escjoanardevol\/wp-json\/wp\/v2\/posts"}],"about":[{"href":"https:\/\/agora.xtec.cat\/escjoanardevol\/wp-json\/wp\/v2\/types\/post"}],"author":[{"embeddable":true,"href":"https:\/\/agora.xtec.cat\/escjoanardevol\/wp-json\/wp\/v2\/users\/1"}],"replies":[{"embeddable":true,"href":"https:\/\/agora.xtec.cat\/escjoanardevol\/wp-json\/wp\/v2\/comments?post=5351"}],"version-history":[{"count":1,"href":"https:\/\/agora.xtec.cat\/escjoanardevol\/wp-json\/wp\/v2\/posts\/5351\/revisions"}],"predecessor-version":[{"id":5353,"href":"https:\/\/agora.xtec.cat\/escjoanardevol\/wp-json\/wp\/v2\/posts\/5351\/revisions\/5353"}],"wp:featuredmedia":[{"embeddable":true,"href":"https:\/\/agora.xtec.cat\/escjoanardevol\/wp-json\/wp\/v2\/media\/5352"}],"wp:attachment":[{"href":"https:\/\/agora.xtec.cat\/escjoanardevol\/wp-json\/wp\/v2\/media?parent=5351"}],"wp:term":[{"taxonomy":"category","embeddable":true,"href":"https:\/\/agora.xtec.cat\/escjoanardevol\/wp-json\/wp\/v2\/categories?post=5351"},{"taxonomy":"post_tag","embeddable":true,"href":"https:\/\/agora.xtec.cat\/escjoanardevol\/wp-json\/wp\/v2\/tags?post=5351"}],"curies":[{"name":"wp","href":"https:\/\/api.w.org\/{rel}","templated":true}]}}