{"id":5348,"date":"2018-05-18T08:49:59","date_gmt":"2018-05-18T06:49:59","guid":{"rendered":"http:\/\/agora.xtec.cat\/escjoanardevol\/?p=5348"},"modified":"2018-05-18T08:49:59","modified_gmt":"2018-05-18T06:49:59","slug":"educacio-viaria-a-p5","status":"publish","type":"post","link":"https:\/\/agora.xtec.cat\/escjoanardevol\/portada\/educacio-viaria-a-p5\/","title":{"rendered":"Educaci\u00f3 vi\u00e0ria a P5"},"content":{"rendered":"<p>El dia 16 de maig vam anar amb les nostres bicicletes i els nostres patinets a l&#8217;escola. La policia local ens va muntar un circuit amb senyals de tr\u00e0nsit i rotondes i vam fer el recorregut seguint les instruccions de l&#8217;agent i despr\u00e9s nosaltres sols. En tot moment vam portar el casc posat, ja que \u00e9s obligatori.<br \/>\nVa ser molt divertit i ens ho vam passar s\u00faper b\u00e9!!!!!!!!!<\/p>\n<p><a href=\"https:\/\/photos.app.goo.gl\/EwJqquJFyomrHp9Y6\" target=\"_blank\" rel=\"noopener noreferrer\"><img loading=\"lazy\" decoding=\"async\" class=\"alignnone wp-image-5349 size-medium\" src=\"http:\/\/agora.xtec.cat\/escjoanardevol\/wp-content\/uploads\/usu550\/2018\/05\/IMG_4767-c\u00f2pia-300x225.jpg\" alt=\"\" width=\"300\" height=\"225\" srcset=\"https:\/\/agora.xtec.cat\/escjoanardevol\/wp-content\/uploads\/usu550\/2018\/05\/IMG_4767-c\u00f2pia-300x225.jpg 300w, https:\/\/agora.xtec.cat\/escjoanardevol\/wp-content\/uploads\/usu550\/2018\/05\/IMG_4767-c\u00f2pia-768x576.jpg 768w, https:\/\/agora.xtec.cat\/escjoanardevol\/wp-content\/uploads\/usu550\/2018\/05\/IMG_4767-c\u00f2pia-1024x768.jpg 1024w, https:\/\/agora.xtec.cat\/escjoanardevol\/wp-content\/uploads\/usu550\/2018\/05\/IMG_4767-c\u00f2pia-200x150.jpg 200w\" sizes=\"auto, (max-width: 300px) 100vw, 300px\" \/><\/a><\/p>\n","protected":false},"excerpt":{"rendered":"<p>El dia 16 de maig vam anar amb les nostres bicicletes i els nostres patinets a l&#8217;escola. La policia local ens va muntar un circuit amb senyals de tr\u00e0nsit i rotondes i vam fer el recorregut seguint les instruccions de l&#8217;agent i despr\u00e9s nosaltres sols.&hellip;  <a href=\"https:\/\/agora.xtec.cat\/escjoanardevol\/portada\/educacio-viaria-a-p5\/\" title=\"Read Educaci\u00f3 vi\u00e0ria a P5\">Llegeix m\u00e9s\u00bb<\/a><\/p>\n","protected":false},"author":1,"featured_media":5349,"comment_status":"closed","ping_status":"closed","sticky":false,"template":"","format":"standard","meta":{"_bbp_topic_count":0,"_bbp_reply_count":0,"_bbp_total_topic_count":0,"_bbp_total_reply_count":0,"_bbp_voice_count":0,"_bbp_anonymous_reply_count":0,"_bbp_topic_count_hidden":0,"_bbp_reply_count_hidden":0,"_bbp_forum_subforum_count":0,"footnotes":""},"categories":[9,4],"tags":[59,103,148,149],"class_list":["post-5348","post","type-post","status-publish","format-standard","has-post-thumbnail","hentry","category-p5","category-portada","tag-activitats","tag-educacio-infantil","tag-noticies","tag-p5"],"post_mailing_queue_ids":[],"_links":{"self":[{"href":"https:\/\/agora.xtec.cat\/escjoanardevol\/wp-json\/wp\/v2\/posts\/5348","targetHints":{"allow":["GET"]}}],"collection":[{"href":"https:\/\/agora.xtec.cat\/escjoanardevol\/wp-json\/wp\/v2\/posts"}],"about":[{"href":"https:\/\/agora.xtec.cat\/escjoanardevol\/wp-json\/wp\/v2\/types\/post"}],"author":[{"embeddable":true,"href":"https:\/\/agora.xtec.cat\/escjoanardevol\/wp-json\/wp\/v2\/users\/1"}],"replies":[{"embeddable":true,"href":"https:\/\/agora.xtec.cat\/escjoanardevol\/wp-json\/wp\/v2\/comments?post=5348"}],"version-history":[{"count":1,"href":"https:\/\/agora.xtec.cat\/escjoanardevol\/wp-json\/wp\/v2\/posts\/5348\/revisions"}],"predecessor-version":[{"id":5350,"href":"https:\/\/agora.xtec.cat\/escjoanardevol\/wp-json\/wp\/v2\/posts\/5348\/revisions\/5350"}],"wp:featuredmedia":[{"embeddable":true,"href":"https:\/\/agora.xtec.cat\/escjoanardevol\/wp-json\/wp\/v2\/media\/5349"}],"wp:attachment":[{"href":"https:\/\/agora.xtec.cat\/escjoanardevol\/wp-json\/wp\/v2\/media?parent=5348"}],"wp:term":[{"taxonomy":"category","embeddable":true,"href":"https:\/\/agora.xtec.cat\/escjoanardevol\/wp-json\/wp\/v2\/categories?post=5348"},{"taxonomy":"post_tag","embeddable":true,"href":"https:\/\/agora.xtec.cat\/escjoanardevol\/wp-json\/wp\/v2\/tags?post=5348"}],"curies":[{"name":"wp","href":"https:\/\/api.w.org\/{rel}","templated":true}]}}