{"id":5308,"date":"2018-05-17T12:41:43","date_gmt":"2018-05-17T10:41:43","guid":{"rendered":"http:\/\/agora.xtec.cat\/escjoanardevol\/?p=5308"},"modified":"2018-05-17T13:23:31","modified_gmt":"2018-05-17T11:23:31","slug":"lhort-de-lescola","status":"publish","type":"post","link":"https:\/\/agora.xtec.cat\/escjoanardevol\/infantil\/lhort-de-lescola\/","title":{"rendered":"L&#8217;hort de l&#8217;escola"},"content":{"rendered":"<p>Entre els alumnes de 3r i els de P3, anem treien profit de l&#8217;hort de l&#8217;escola. Hem plantat carabasses, pastanagues, raves, alberg\u00ednies, pebrots, tom\u00e0quets i maduixes! Cada setmana anem a veure com creixen, a regar b\u00e9 perqu\u00e8 es facin ben grans, i a treure les males herbes que els puguin molestar. Ara sols ens cal esperar a que les plantes treguin els seus fruit per poder-los provar!<\/p>\n<p><a href=\"https:\/\/photos.app.goo.gl\/HDKiSETF8dcpt5933\" target=\"_blank\" rel=\"noopener noreferrer\"><img loading=\"lazy\" decoding=\"async\" class=\"alignnone wp-image-5309 size-medium\" src=\"http:\/\/agora.xtec.cat\/escjoanardevol\/wp-content\/uploads\/usu550\/2018\/05\/IMG_20180502_120359-300x225.jpg\" alt=\"\" width=\"300\" height=\"225\" srcset=\"https:\/\/agora.xtec.cat\/escjoanardevol\/wp-content\/uploads\/usu550\/2018\/05\/IMG_20180502_120359-300x225.jpg 300w, https:\/\/agora.xtec.cat\/escjoanardevol\/wp-content\/uploads\/usu550\/2018\/05\/IMG_20180502_120359-768x576.jpg 768w, https:\/\/agora.xtec.cat\/escjoanardevol\/wp-content\/uploads\/usu550\/2018\/05\/IMG_20180502_120359-1024x768.jpg 1024w, https:\/\/agora.xtec.cat\/escjoanardevol\/wp-content\/uploads\/usu550\/2018\/05\/IMG_20180502_120359-200x150.jpg 200w\" sizes=\"auto, (max-width: 300px) 100vw, 300px\" \/><\/a><\/p>\n","protected":false},"excerpt":{"rendered":"<p>Entre els alumnes de 3r i els de P3, anem treien profit de l&#8217;hort de l&#8217;escola. Hem plantat carabasses, pastanagues, raves, alberg\u00ednies, pebrots, tom\u00e0quets i maduixes! Cada setmana anem a veure com creixen, a regar b\u00e9 perqu\u00e8 es facin ben grans, i a treure les&hellip;  <a href=\"https:\/\/agora.xtec.cat\/escjoanardevol\/infantil\/lhort-de-lescola\/\" title=\"Read L&#8217;hort de l&#8217;escola\">Llegeix m\u00e9s\u00bb<\/a><\/p>\n","protected":false},"author":29,"featured_media":5311,"comment_status":"closed","ping_status":"closed","sticky":false,"template":"","format":"standard","meta":{"_bbp_topic_count":0,"_bbp_reply_count":0,"_bbp_total_topic_count":0,"_bbp_total_reply_count":0,"_bbp_voice_count":0,"_bbp_anonymous_reply_count":0,"_bbp_topic_count_hidden":0,"_bbp_reply_count_hidden":0,"_bbp_forum_subforum_count":0,"footnotes":""},"categories":[12,206,2,3,4,5],"tags":[59,76,80,103,108,121],"class_list":["post-5308","post","type-post","status-publish","format-standard","has-post-thumbnail","hentry","category-3r","category-verda","category-infantil","category-p3","category-portada","category-primaria","tag-activitats","tag-cicle-mitja","tag-ciencies","tag-educacio-infantil","tag-escola-verda","tag-hort"],"post_mailing_queue_ids":[],"_links":{"self":[{"href":"https:\/\/agora.xtec.cat\/escjoanardevol\/wp-json\/wp\/v2\/posts\/5308","targetHints":{"allow":["GET"]}}],"collection":[{"href":"https:\/\/agora.xtec.cat\/escjoanardevol\/wp-json\/wp\/v2\/posts"}],"about":[{"href":"https:\/\/agora.xtec.cat\/escjoanardevol\/wp-json\/wp\/v2\/types\/post"}],"author":[{"embeddable":true,"href":"https:\/\/agora.xtec.cat\/escjoanardevol\/wp-json\/wp\/v2\/users\/29"}],"replies":[{"embeddable":true,"href":"https:\/\/agora.xtec.cat\/escjoanardevol\/wp-json\/wp\/v2\/comments?post=5308"}],"version-history":[{"count":3,"href":"https:\/\/agora.xtec.cat\/escjoanardevol\/wp-json\/wp\/v2\/posts\/5308\/revisions"}],"predecessor-version":[{"id":5343,"href":"https:\/\/agora.xtec.cat\/escjoanardevol\/wp-json\/wp\/v2\/posts\/5308\/revisions\/5343"}],"wp:featuredmedia":[{"embeddable":true,"href":"https:\/\/agora.xtec.cat\/escjoanardevol\/wp-json\/wp\/v2\/media\/5311"}],"wp:attachment":[{"href":"https:\/\/agora.xtec.cat\/escjoanardevol\/wp-json\/wp\/v2\/media?parent=5308"}],"wp:term":[{"taxonomy":"category","embeddable":true,"href":"https:\/\/agora.xtec.cat\/escjoanardevol\/wp-json\/wp\/v2\/categories?post=5308"},{"taxonomy":"post_tag","embeddable":true,"href":"https:\/\/agora.xtec.cat\/escjoanardevol\/wp-json\/wp\/v2\/tags?post=5308"}],"curies":[{"name":"wp","href":"https:\/\/api.w.org\/{rel}","templated":true}]}}