{"id":5303,"date":"2018-05-15T16:03:19","date_gmt":"2018-05-15T14:03:19","guid":{"rendered":"http:\/\/agora.xtec.cat\/escjoanardevol\/?p=5303"},"modified":"2018-05-15T16:03:19","modified_gmt":"2018-05-15T14:03:19","slug":"cantata-2018","status":"publish","type":"post","link":"https:\/\/agora.xtec.cat\/escjoanardevol\/portada\/cantata-2018\/","title":{"rendered":"Cantata 2018"},"content":{"rendered":"<p>El 15 de maig hem anat al pavell\u00f3 d&#8217;esports de Cambrils per cantar La Com\u00e8dia del Gall, una hist\u00f2ria que ens explica les perip\u00e8cies d&#8217;un gall presumit i trapella que es diu Espinguet i viu en un corral ple de gallines on hi destaca la preciosa Rufina.<br \/>\nEns hem trobat amb tots els alumnes de tercer de totes les escoles de Cambrils, i la de Vinyols.<br \/>\nHem comen\u00e7at amb molts nervis a l&#8217;assaig, per\u00f2 al moment de l&#8217;estrena ha estat fant\u00e0stic i felicitem tots els nostres cantaires pel seu inter\u00e8s i posada en escena.<\/p>\n<p><a href=\"https:\/\/photos.app.goo.gl\/iSnMAn7vx2aP9Bse2\" target=\"_blank\" rel=\"noopener noreferrer\"><img loading=\"lazy\" decoding=\"async\" class=\"alignnone wp-image-5304 size-medium\" src=\"http:\/\/agora.xtec.cat\/escjoanardevol\/wp-content\/uploads\/usu550\/2018\/05\/IMG_20180515_110524-c\u00f2pia-300x169.jpg\" alt=\"\" width=\"300\" height=\"169\" srcset=\"https:\/\/agora.xtec.cat\/escjoanardevol\/wp-content\/uploads\/usu550\/2018\/05\/IMG_20180515_110524-c\u00f2pia-300x169.jpg 300w, https:\/\/agora.xtec.cat\/escjoanardevol\/wp-content\/uploads\/usu550\/2018\/05\/IMG_20180515_110524-c\u00f2pia-768x434.jpg 768w, https:\/\/agora.xtec.cat\/escjoanardevol\/wp-content\/uploads\/usu550\/2018\/05\/IMG_20180515_110524-c\u00f2pia-1024x578.jpg 1024w, https:\/\/agora.xtec.cat\/escjoanardevol\/wp-content\/uploads\/usu550\/2018\/05\/IMG_20180515_110524-c\u00f2pia.jpg 1984w\" sizes=\"auto, (max-width: 300px) 100vw, 300px\" \/><\/a><\/p>\n","protected":false},"excerpt":{"rendered":"<p>El 15 de maig hem anat al pavell\u00f3 d&#8217;esports de Cambrils per cantar La Com\u00e8dia del Gall, una hist\u00f2ria que ens explica les perip\u00e8cies d&#8217;un gall presumit i trapella que es diu Espinguet i viu en un corral ple de gallines on hi destaca la&hellip;  <a href=\"https:\/\/agora.xtec.cat\/escjoanardevol\/portada\/cantata-2018\/\" title=\"Read Cantata 2018\">Llegeix m\u00e9s\u00bb<\/a><\/p>\n","protected":false},"author":1,"featured_media":5304,"comment_status":"closed","ping_status":"closed","sticky":false,"template":"","format":"standard","meta":{"_bbp_topic_count":0,"_bbp_reply_count":0,"_bbp_total_topic_count":0,"_bbp_total_reply_count":0,"_bbp_voice_count":0,"_bbp_anonymous_reply_count":0,"_bbp_topic_count_hidden":0,"_bbp_reply_count_hidden":0,"_bbp_forum_subforum_count":0,"footnotes":""},"categories":[12,4],"tags":[59,69,76,145],"class_list":["post-5303","post","type-post","status-publish","format-standard","has-post-thumbnail","hentry","category-3r","category-portada","tag-activitats","tag-cambrils","tag-cicle-mitja","tag-musica"],"post_mailing_queue_ids":[],"_links":{"self":[{"href":"https:\/\/agora.xtec.cat\/escjoanardevol\/wp-json\/wp\/v2\/posts\/5303","targetHints":{"allow":["GET"]}}],"collection":[{"href":"https:\/\/agora.xtec.cat\/escjoanardevol\/wp-json\/wp\/v2\/posts"}],"about":[{"href":"https:\/\/agora.xtec.cat\/escjoanardevol\/wp-json\/wp\/v2\/types\/post"}],"author":[{"embeddable":true,"href":"https:\/\/agora.xtec.cat\/escjoanardevol\/wp-json\/wp\/v2\/users\/1"}],"replies":[{"embeddable":true,"href":"https:\/\/agora.xtec.cat\/escjoanardevol\/wp-json\/wp\/v2\/comments?post=5303"}],"version-history":[{"count":1,"href":"https:\/\/agora.xtec.cat\/escjoanardevol\/wp-json\/wp\/v2\/posts\/5303\/revisions"}],"predecessor-version":[{"id":5305,"href":"https:\/\/agora.xtec.cat\/escjoanardevol\/wp-json\/wp\/v2\/posts\/5303\/revisions\/5305"}],"wp:featuredmedia":[{"embeddable":true,"href":"https:\/\/agora.xtec.cat\/escjoanardevol\/wp-json\/wp\/v2\/media\/5304"}],"wp:attachment":[{"href":"https:\/\/agora.xtec.cat\/escjoanardevol\/wp-json\/wp\/v2\/media?parent=5303"}],"wp:term":[{"taxonomy":"category","embeddable":true,"href":"https:\/\/agora.xtec.cat\/escjoanardevol\/wp-json\/wp\/v2\/categories?post=5303"},{"taxonomy":"post_tag","embeddable":true,"href":"https:\/\/agora.xtec.cat\/escjoanardevol\/wp-json\/wp\/v2\/tags?post=5303"}],"curies":[{"name":"wp","href":"https:\/\/api.w.org\/{rel}","templated":true}]}}