{"id":5299,"date":"2018-05-15T12:00:48","date_gmt":"2018-05-15T10:00:48","guid":{"rendered":"http:\/\/agora.xtec.cat\/escjoanardevol\/?p=5299"},"modified":"2018-05-15T12:01:18","modified_gmt":"2018-05-15T10:01:18","slug":"xocolata-i-cava","status":"publish","type":"post","link":"https:\/\/agora.xtec.cat\/escjoanardevol\/portada\/xocolata-i-cava\/","title":{"rendered":"Xocolata i cava"},"content":{"rendered":"<p>Els i les alumnes de cinqu\u00e8 de prim\u00e0ria hem anat a visitar una f\u00e0brica de xocolata i unes caves com a sortida del tercer trimestre. Ha estat fascinant endinsar-nos en el m\u00f3n del cacau. Hem tocat les pinyes , hem vist una l\u00ednia de producci\u00f3, hem conegut la recepta de la xocolata i n\u2019hem fet una degustaci\u00f3 de tres tipus.\u00a0\u00a0Despr\u00e9s, hem anat a les Caves Vilarnau, on la Vicky, ens ha explicat totes les fases per on passa el ra\u00efm fins que acaba esdevenint un cava. Despr\u00e9s hem fet un taller d\u2019aromes i un tast de most.\u00a0\u00a0El dia ha passat volant i hem apr\u00e8s molt\u00edssimes coses interessants!<\/p>\n<p><a href=\"https:\/\/photos.app.goo.gl\/Avfe80gbEpLIHar63\" target=\"_blank\" rel=\"noopener noreferrer\"><img loading=\"lazy\" decoding=\"async\" class=\"alignnone wp-image-5300 size-medium\" src=\"http:\/\/agora.xtec.cat\/escjoanardevol\/wp-content\/uploads\/usu550\/2018\/05\/DSC_0905-c\u00f2pia-300x169.jpg\" alt=\"\" width=\"300\" height=\"169\" srcset=\"https:\/\/agora.xtec.cat\/escjoanardevol\/wp-content\/uploads\/usu550\/2018\/05\/DSC_0905-c\u00f2pia-300x169.jpg 300w, https:\/\/agora.xtec.cat\/escjoanardevol\/wp-content\/uploads\/usu550\/2018\/05\/DSC_0905-c\u00f2pia-768x432.jpg 768w, https:\/\/agora.xtec.cat\/escjoanardevol\/wp-content\/uploads\/usu550\/2018\/05\/DSC_0905-c\u00f2pia-1024x576.jpg 1024w, https:\/\/agora.xtec.cat\/escjoanardevol\/wp-content\/uploads\/usu550\/2018\/05\/DSC_0905-c\u00f2pia.jpg 1376w\" sizes=\"auto, (max-width: 300px) 100vw, 300px\" \/><\/a><\/p>\n","protected":false},"excerpt":{"rendered":"<p>Els i les alumnes de cinqu\u00e8 de prim\u00e0ria hem anat a visitar una f\u00e0brica de xocolata i unes caves com a sortida del tercer trimestre. Ha estat fascinant endinsar-nos en el m\u00f3n del cacau. Hem tocat les pinyes , hem vist una l\u00ednia de producci\u00f3,&hellip;  <a href=\"https:\/\/agora.xtec.cat\/escjoanardevol\/portada\/xocolata-i-cava\/\" title=\"Read Xocolata i cava\">Llegeix m\u00e9s\u00bb<\/a><\/p>\n","protected":false},"author":1,"featured_media":5300,"comment_status":"closed","ping_status":"closed","sticky":false,"template":"","format":"standard","meta":{"_bbp_topic_count":0,"_bbp_reply_count":0,"_bbp_total_topic_count":0,"_bbp_total_reply_count":0,"_bbp_voice_count":0,"_bbp_anonymous_reply_count":0,"_bbp_topic_count_hidden":0,"_bbp_reply_count_hidden":0,"_bbp_forum_subforum_count":0,"footnotes":""},"categories":[14,4],"tags":[59,77,82,140,16],"class_list":["post-5299","post","type-post","status-publish","format-standard","has-post-thumbnail","hentry","category-5e","category-portada","tag-activitats","tag-cicle-superior-2","tag-cinque","tag-medi","tag-sortides"],"post_mailing_queue_ids":[],"_links":{"self":[{"href":"https:\/\/agora.xtec.cat\/escjoanardevol\/wp-json\/wp\/v2\/posts\/5299","targetHints":{"allow":["GET"]}}],"collection":[{"href":"https:\/\/agora.xtec.cat\/escjoanardevol\/wp-json\/wp\/v2\/posts"}],"about":[{"href":"https:\/\/agora.xtec.cat\/escjoanardevol\/wp-json\/wp\/v2\/types\/post"}],"author":[{"embeddable":true,"href":"https:\/\/agora.xtec.cat\/escjoanardevol\/wp-json\/wp\/v2\/users\/1"}],"replies":[{"embeddable":true,"href":"https:\/\/agora.xtec.cat\/escjoanardevol\/wp-json\/wp\/v2\/comments?post=5299"}],"version-history":[{"count":2,"href":"https:\/\/agora.xtec.cat\/escjoanardevol\/wp-json\/wp\/v2\/posts\/5299\/revisions"}],"predecessor-version":[{"id":5302,"href":"https:\/\/agora.xtec.cat\/escjoanardevol\/wp-json\/wp\/v2\/posts\/5299\/revisions\/5302"}],"wp:featuredmedia":[{"embeddable":true,"href":"https:\/\/agora.xtec.cat\/escjoanardevol\/wp-json\/wp\/v2\/media\/5300"}],"wp:attachment":[{"href":"https:\/\/agora.xtec.cat\/escjoanardevol\/wp-json\/wp\/v2\/media?parent=5299"}],"wp:term":[{"taxonomy":"category","embeddable":true,"href":"https:\/\/agora.xtec.cat\/escjoanardevol\/wp-json\/wp\/v2\/categories?post=5299"},{"taxonomy":"post_tag","embeddable":true,"href":"https:\/\/agora.xtec.cat\/escjoanardevol\/wp-json\/wp\/v2\/tags?post=5299"}],"curies":[{"name":"wp","href":"https:\/\/api.w.org\/{rel}","templated":true}]}}