{"id":5276,"date":"2018-05-07T12:32:28","date_gmt":"2018-05-07T10:32:28","guid":{"rendered":"http:\/\/agora.xtec.cat\/escjoanardevol\/?p=5276"},"modified":"2018-05-07T12:32:28","modified_gmt":"2018-05-07T10:32:28","slug":"el-tresor-del-drac-rebuf-a-cicle-inicial","status":"publish","type":"post","link":"https:\/\/agora.xtec.cat\/escjoanardevol\/portada\/el-tresor-del-drac-rebuf-a-cicle-inicial\/","title":{"rendered":"El tresor del drac Rebuf a Cicle Inicial"},"content":{"rendered":"<p>Avui dilluns dia 7 de maig, la S\u00edlvia ens ha fet una visita als alumnes de Cicle Inicial amb la maleta plena de personatges i un conte que t\u00e9 per t\u00edtol \u201cEl tresor del drac Rebuf\u201d.<\/p>\n<p>La Zeralda \u00e9s una princesa valenta que \u00e9s capa\u00e7 de ser cavaller, pirata o el que convingui per salvar el tresor del seu pare i fer front a un drac avarici\u00f3s. En tota la seva aventura, la Zeralda descobreix que el millor tresor que pot tenir no es t\u00e9 a les butxaques sin\u00f3o que \u00e9s la llibertat de poder ser tot el que ella somi\u00ef ser a la vida.<\/p>\n<p>Agrair a la S\u00edlvia la seva magistral dramatitzaci\u00f3 i convidar-la a que el curs vinent ens faci una visita. En reconeixement del seu treball, li enviarem per correu electr\u00f2nic els dibuixos que hem fet per recrear escenes del seu conte.<\/p>\n<p><a href=\"https:\/\/photos.app.goo.gl\/AptKkO87EWQ7907W2\" target=\"_blank\" rel=\"noopener noreferrer\"><img loading=\"lazy\" decoding=\"async\" class=\"alignnone wp-image-5277 size-medium\" src=\"http:\/\/agora.xtec.cat\/escjoanardevol\/wp-content\/uploads\/usu550\/2018\/05\/IMG_0037-c\u00f2pia-300x225.jpg\" alt=\"\" width=\"300\" height=\"225\" srcset=\"https:\/\/agora.xtec.cat\/escjoanardevol\/wp-content\/uploads\/usu550\/2018\/05\/IMG_0037-c\u00f2pia-300x225.jpg 300w, https:\/\/agora.xtec.cat\/escjoanardevol\/wp-content\/uploads\/usu550\/2018\/05\/IMG_0037-c\u00f2pia-768x576.jpg 768w, https:\/\/agora.xtec.cat\/escjoanardevol\/wp-content\/uploads\/usu550\/2018\/05\/IMG_0037-c\u00f2pia-1024x768.jpg 1024w, https:\/\/agora.xtec.cat\/escjoanardevol\/wp-content\/uploads\/usu550\/2018\/05\/IMG_0037-c\u00f2pia-200x150.jpg 200w\" sizes=\"auto, (max-width: 300px) 100vw, 300px\" \/><\/a><\/p>\n","protected":false},"excerpt":{"rendered":"<p>Avui dilluns dia 7 de maig, la S\u00edlvia ens ha fet una visita als alumnes de Cicle Inicial amb la maleta plena de personatges i un conte que t\u00e9 per t\u00edtol \u201cEl tresor del drac Rebuf\u201d.<br \/>\nLa Zeralda \u00e9s una princesa valenta que \u00e9s capa\u00e7 de&hellip;  <a href=\"https:\/\/agora.xtec.cat\/escjoanardevol\/portada\/el-tresor-del-drac-rebuf-a-cicle-inicial\/\" title=\"Read El tresor del drac Rebuf a Cicle Inicial\">Llegeix m\u00e9s\u00bb<\/a><\/p>\n","protected":false},"author":1,"featured_media":5277,"comment_status":"closed","ping_status":"closed","sticky":false,"template":"","format":"standard","meta":{"_bbp_topic_count":0,"_bbp_reply_count":0,"_bbp_total_topic_count":0,"_bbp_total_reply_count":0,"_bbp_voice_count":0,"_bbp_anonymous_reply_count":0,"_bbp_topic_count_hidden":0,"_bbp_reply_count_hidden":0,"_bbp_forum_subforum_count":0,"footnotes":""},"categories":[10,4],"tags":[59,75,92,130,133,187],"class_list":["post-5276","post","type-post","status-publish","format-standard","has-post-thumbnail","hentry","category-1r","category-portada","tag-activitats","tag-cicle-inicial","tag-contes","tag-lectura","tag-llibres","tag-valors"],"post_mailing_queue_ids":[],"_links":{"self":[{"href":"https:\/\/agora.xtec.cat\/escjoanardevol\/wp-json\/wp\/v2\/posts\/5276","targetHints":{"allow":["GET"]}}],"collection":[{"href":"https:\/\/agora.xtec.cat\/escjoanardevol\/wp-json\/wp\/v2\/posts"}],"about":[{"href":"https:\/\/agora.xtec.cat\/escjoanardevol\/wp-json\/wp\/v2\/types\/post"}],"author":[{"embeddable":true,"href":"https:\/\/agora.xtec.cat\/escjoanardevol\/wp-json\/wp\/v2\/users\/1"}],"replies":[{"embeddable":true,"href":"https:\/\/agora.xtec.cat\/escjoanardevol\/wp-json\/wp\/v2\/comments?post=5276"}],"version-history":[{"count":1,"href":"https:\/\/agora.xtec.cat\/escjoanardevol\/wp-json\/wp\/v2\/posts\/5276\/revisions"}],"predecessor-version":[{"id":5278,"href":"https:\/\/agora.xtec.cat\/escjoanardevol\/wp-json\/wp\/v2\/posts\/5276\/revisions\/5278"}],"wp:featuredmedia":[{"embeddable":true,"href":"https:\/\/agora.xtec.cat\/escjoanardevol\/wp-json\/wp\/v2\/media\/5277"}],"wp:attachment":[{"href":"https:\/\/agora.xtec.cat\/escjoanardevol\/wp-json\/wp\/v2\/media?parent=5276"}],"wp:term":[{"taxonomy":"category","embeddable":true,"href":"https:\/\/agora.xtec.cat\/escjoanardevol\/wp-json\/wp\/v2\/categories?post=5276"},{"taxonomy":"post_tag","embeddable":true,"href":"https:\/\/agora.xtec.cat\/escjoanardevol\/wp-json\/wp\/v2\/tags?post=5276"}],"curies":[{"name":"wp","href":"https:\/\/api.w.org\/{rel}","templated":true}]}}