{"id":5255,"date":"2018-05-17T09:00:06","date_gmt":"2018-05-17T07:00:06","guid":{"rendered":"http:\/\/agora.xtec.cat\/escjoanardevol\/?p=5255"},"modified":"2018-05-17T13:21:48","modified_gmt":"2018-05-17T11:21:48","slug":"els-habits-saludables-de-6eb","status":"publish","type":"post","link":"https:\/\/agora.xtec.cat\/escjoanardevol\/general\/els-habits-saludables-de-6eb\/","title":{"rendered":"Els h\u00e0bits saludables de 6B"},"content":{"rendered":"<p style=\"margin: 0cm 0cm 15.0pt 0cm;\"><span style=\"font-family: 'Helvetica','sans-serif'; color: #222222;\">A partir d&#8217;una enquesta que vam realitzar per analitzar els nostres h\u00e0bits saludables, vam realitzar uns gr\u00e0fics amb els quals vam fer un an\u00e0lisi de les dades obtingudes. Aquest \u00e9s el buidatge: <a href=\"https:\/\/photos.app.goo.gl\/2Osg1h7utPGiYbbR2\">fotos<\/a><\/span><\/p>\n<p style=\"margin: 0cm 0cm 15.0pt 0cm;\"><strong><span style=\"font-family: 'Helvetica','sans-serif'; color: #222222;\">Llaminadures:<\/span><\/strong><span style=\"font-family: 'Helvetica','sans-serif'; color: #222222;\">La majoria de grups t\u00e9 un consum baix de llaminadures ja que no passen de 5 llaminadures al dia. Tot i aix\u00f2 el grup 6 t\u00e9 un consum m\u00e9s alt, a difer\u00e8ncia de l&#8217;1 que gaireb\u00e9 no en mengen.<\/span><\/p>\n<p><strong><span style=\"font-family: 'Helvetica','sans-serif';\">Descans:<\/span><\/strong>\u00a0La majoria de grups descansen moltes hores, per\u00f2 el grup 4 destaca per la poca quantitat d\u00b4hores que dormen.<\/p>\n<p style=\"margin: 0cm 0cm 15.0pt 0cm;\"><strong><span style=\"font-family: 'Helvetica','sans-serif'; color: #222222;\">Higiene:<\/span><\/strong><span style=\"font-family: 'Helvetica','sans-serif'; color: #222222;\">\u00a0Destaca amb molta difer\u00e8ncia el grup 3 ja que es dutxen moltes vegades a la setmana. En canvi el grup 5, \u00a0gaireb\u00e9 no es dutxa durant la setmana.<\/span><\/p>\n<p style=\"margin: 0cm 0cm 15.0pt 0cm;\"><strong><span style=\"font-family: 'Helvetica','sans-serif'; color: #222222;\">Fruita i verdura:<\/span><\/strong><span style=\"font-family: 'Helvetica','sans-serif'; color: #222222;\">\u00a0Els grups 2 i 4 s\u00f3n els grups que m\u00e9s mengen fruita i verdura. En canvi la resta de grups no en mengen massa.<\/span><\/p>\n<p style=\"margin: 0cm 0cm 15.0pt 0cm;\"><strong><span style=\"font-family: 'Helvetica','sans-serif'; color: #222222;\">Xarxes socials:<\/span><\/strong><span style=\"font-family: 'Helvetica','sans-serif'; color: #222222;\">\u00a0Els grups 3 i el grup 5 s\u00f3n els que m\u00e9s hores passen a les xarxes socials, en canvi la resta de grups gaireb\u00e9 no s&#8217;hi connecten.<\/span><\/p>\n<p style=\"margin: 0cm 0cm 15.0pt 0cm;\"><strong><span style=\"font-family: 'Helvetica','sans-serif'; color: #222222;\">Activitat f\u00edsica:<\/span><\/strong><span style=\"font-family: 'Helvetica','sans-serif'; color: #222222;\">\u00a0La majoria de grups fan molt poca activitat f\u00edsica, en fan unes 2 hores i 30 minuts aproximadament. Tot el temps que podrien dedicar a fer alguna activitat f\u00edsica, el dediquen a les xarxes socials.<\/span><\/p>\n<p style=\"margin: 0cm 0cm 15.0pt 0cm;\"><span style=\"font-family: 'Helvetica','sans-serif'; color: #222222;\">Aquestes s\u00f3n les fotos dels gr\u00e0fics de 6\u00e8B<\/span><\/p>\n","protected":false},"excerpt":{"rendered":"<p>A partir d&#8217;una enquesta que vam realitzar per analitzar els nostres h\u00e0bits saludables, vam realitzar uns gr\u00e0fics amb els quals vam fer un an\u00e0lisi de les dades obtingudes. Aquest \u00e9s el buidatge: <a href=\"https:\/\/photos.app.goo.gl\/2Osg1h7utPGiYbbR2\">fotos<\/a><br \/>\nLlaminadures:La majoria de grups t\u00e9 un consum baix de llaminadures ja que&hellip;  <a href=\"https:\/\/agora.xtec.cat\/escjoanardevol\/general\/els-habits-saludables-de-6eb\/\" title=\"Read Els h\u00e0bits saludables de 6B\">Llegeix m\u00e9s\u00bb<\/a><\/p>\n","protected":false},"author":1,"featured_media":5344,"comment_status":"closed","ping_status":"closed","sticky":false,"template":"","format":"standard","meta":{"_bbp_topic_count":0,"_bbp_reply_count":0,"_bbp_total_topic_count":0,"_bbp_total_reply_count":0,"_bbp_voice_count":0,"_bbp_anonymous_reply_count":0,"_bbp_topic_count_hidden":0,"_bbp_reply_count_hidden":0,"_bbp_forum_subforum_count":0,"footnotes":""},"categories":[15,1,4,220],"tags":[59,77,108,167,182],"class_list":["post-5255","post","type-post","status-publish","format-standard","has-post-thumbnail","hentry","category-6e","category-general","category-portada","category-tecnologia-i-salut-17-18","tag-activitats","tag-cicle-superior-2","tag-escola-verda","tag-salut","tag-treball"],"post_mailing_queue_ids":[],"_links":{"self":[{"href":"https:\/\/agora.xtec.cat\/escjoanardevol\/wp-json\/wp\/v2\/posts\/5255","targetHints":{"allow":["GET"]}}],"collection":[{"href":"https:\/\/agora.xtec.cat\/escjoanardevol\/wp-json\/wp\/v2\/posts"}],"about":[{"href":"https:\/\/agora.xtec.cat\/escjoanardevol\/wp-json\/wp\/v2\/types\/post"}],"author":[{"embeddable":true,"href":"https:\/\/agora.xtec.cat\/escjoanardevol\/wp-json\/wp\/v2\/users\/1"}],"replies":[{"embeddable":true,"href":"https:\/\/agora.xtec.cat\/escjoanardevol\/wp-json\/wp\/v2\/comments?post=5255"}],"version-history":[{"count":3,"href":"https:\/\/agora.xtec.cat\/escjoanardevol\/wp-json\/wp\/v2\/posts\/5255\/revisions"}],"predecessor-version":[{"id":5346,"href":"https:\/\/agora.xtec.cat\/escjoanardevol\/wp-json\/wp\/v2\/posts\/5255\/revisions\/5346"}],"wp:featuredmedia":[{"embeddable":true,"href":"https:\/\/agora.xtec.cat\/escjoanardevol\/wp-json\/wp\/v2\/media\/5344"}],"wp:attachment":[{"href":"https:\/\/agora.xtec.cat\/escjoanardevol\/wp-json\/wp\/v2\/media?parent=5255"}],"wp:term":[{"taxonomy":"category","embeddable":true,"href":"https:\/\/agora.xtec.cat\/escjoanardevol\/wp-json\/wp\/v2\/categories?post=5255"},{"taxonomy":"post_tag","embeddable":true,"href":"https:\/\/agora.xtec.cat\/escjoanardevol\/wp-json\/wp\/v2\/tags?post=5255"}],"curies":[{"name":"wp","href":"https:\/\/api.w.org\/{rel}","templated":true}]}}