{"id":5253,"date":"2018-05-16T09:00:06","date_gmt":"2018-05-16T07:00:06","guid":{"rendered":"http:\/\/agora.xtec.cat\/escjoanardevol\/?p=5253"},"modified":"2018-05-17T13:22:19","modified_gmt":"2018-05-17T11:22:19","slug":"els-habits-saludables-de-6a","status":"publish","type":"post","link":"https:\/\/agora.xtec.cat\/escjoanardevol\/general\/els-habits-saludables-de-6a\/","title":{"rendered":"Els h\u00e0bits saludables de 6A"},"content":{"rendered":"<p>A partir d\u2019una enquesta que els alumnes de 6\u00e8 vam realitzar al voltant dels nostres h\u00e0bits de salut, vam elaborar uns gr\u00e0fics i vam extreure unes conclusions. Aqu\u00ed les teniu: <a href=\"https:\/\/photos.app.goo.gl\/RLfX1SVHAfL64VWu2\" target=\"_blank\" rel=\"noopener noreferrer\">fotos<\/a><\/p>\n<p><strong><span style=\"text-decoration: underline;\">Fruita i verdura<\/span>:<\/strong> A la classe de 6A es menja for\u00e7a fruita i verdura, tot i que en alguns casos es menja menys fruita que verdura.<\/p>\n<p><span style=\"text-decoration: underline;\"><strong>Xarxes socials<\/strong><\/span>: En general tots el grups utilitzem habitualment les xarxes socials. Sorpr\u00e8n la gran quantitat d\u2019hores setmanals que hi dediquem.<\/p>\n<p><span style=\"text-decoration: underline;\"><strong>Activitat f\u00edsica<\/strong><\/span>: La classe de 6A podria millorar la mitjana d\u2019hores a la setmana que dedica a realitzar activitat f\u00edsica. Tanta connexi\u00f3 a les xarxes socials fa que no dediquem tot el temps que seria convenient a realitzar alguna pr\u00e0ctica esportiva.<\/p>\n<p><span style=\"text-decoration: underline;\"><strong>Llaminadures<\/strong><\/span>: En general, la major part de la classe menja poques llaminadures tot i que algun cas particular supera la mitjana.<\/p>\n<p><span style=\"text-decoration: underline;\"><strong>Descans<\/strong><\/span><strong>:<\/strong> La mitjana d\u2019hores de descans del grup \u00e9s de 6 a 8 hores di\u00e0ries. Tamb\u00e9 cal dir que hi ha molta difer\u00e8ncia entre alguns alumnes.<\/p>\n<p><span style=\"text-decoration: underline;\"><strong>Higiene<\/strong><\/span>: Tot i que, en general, tots els alumnes de la classe hi dediquem pr\u00e0cticament les mateixes hores a la nostra higiene, hi ha una major dedicaci\u00f3 a la higiene personal que no pas a la higiene dental.<\/p>\n","protected":false},"excerpt":{"rendered":"<p>A partir d\u2019una enquesta que els alumnes de 6\u00e8 vam realitzar al voltant dels nostres h\u00e0bits de salut, vam elaborar uns gr\u00e0fics i vam extreure unes conclusions. Aqu\u00ed les teniu: <a href=\"https:\/\/photos.app.goo.gl\/RLfX1SVHAfL64VWu2\" target=\"_blank\" rel=\"noopener noreferrer\">fotos<\/a><br \/>\nFruita i verdura: A la classe de 6A es menja for\u00e7a&hellip;  <a href=\"https:\/\/agora.xtec.cat\/escjoanardevol\/general\/els-habits-saludables-de-6a\/\" title=\"Read Els h\u00e0bits saludables de 6A\">Llegeix m\u00e9s\u00bb<\/a><\/p>\n","protected":false},"author":33,"featured_media":5306,"comment_status":"closed","ping_status":"closed","sticky":false,"template":"","format":"standard","meta":{"_bbp_topic_count":0,"_bbp_reply_count":0,"_bbp_total_topic_count":0,"_bbp_total_reply_count":0,"_bbp_voice_count":0,"_bbp_anonymous_reply_count":0,"_bbp_topic_count_hidden":0,"_bbp_reply_count_hidden":0,"_bbp_forum_subforum_count":0,"footnotes":""},"categories":[15,1,4,220],"tags":[],"class_list":["post-5253","post","type-post","status-publish","format-standard","has-post-thumbnail","hentry","category-6e","category-general","category-portada","category-tecnologia-i-salut-17-18"],"post_mailing_queue_ids":[],"_links":{"self":[{"href":"https:\/\/agora.xtec.cat\/escjoanardevol\/wp-json\/wp\/v2\/posts\/5253","targetHints":{"allow":["GET"]}}],"collection":[{"href":"https:\/\/agora.xtec.cat\/escjoanardevol\/wp-json\/wp\/v2\/posts"}],"about":[{"href":"https:\/\/agora.xtec.cat\/escjoanardevol\/wp-json\/wp\/v2\/types\/post"}],"author":[{"embeddable":true,"href":"https:\/\/agora.xtec.cat\/escjoanardevol\/wp-json\/wp\/v2\/users\/33"}],"replies":[{"embeddable":true,"href":"https:\/\/agora.xtec.cat\/escjoanardevol\/wp-json\/wp\/v2\/comments?post=5253"}],"version-history":[{"count":3,"href":"https:\/\/agora.xtec.cat\/escjoanardevol\/wp-json\/wp\/v2\/posts\/5253\/revisions"}],"predecessor-version":[{"id":5347,"href":"https:\/\/agora.xtec.cat\/escjoanardevol\/wp-json\/wp\/v2\/posts\/5253\/revisions\/5347"}],"wp:featuredmedia":[{"embeddable":true,"href":"https:\/\/agora.xtec.cat\/escjoanardevol\/wp-json\/wp\/v2\/media\/5306"}],"wp:attachment":[{"href":"https:\/\/agora.xtec.cat\/escjoanardevol\/wp-json\/wp\/v2\/media?parent=5253"}],"wp:term":[{"taxonomy":"category","embeddable":true,"href":"https:\/\/agora.xtec.cat\/escjoanardevol\/wp-json\/wp\/v2\/categories?post=5253"},{"taxonomy":"post_tag","embeddable":true,"href":"https:\/\/agora.xtec.cat\/escjoanardevol\/wp-json\/wp\/v2\/tags?post=5253"}],"curies":[{"name":"wp","href":"https:\/\/api.w.org\/{rel}","templated":true}]}}