{"id":5248,"date":"2018-05-07T17:08:53","date_gmt":"2018-05-07T15:08:53","guid":{"rendered":"http:\/\/agora.xtec.cat\/escjoanardevol\/?p=5248"},"modified":"2018-05-07T18:02:09","modified_gmt":"2018-05-07T16:02:09","slug":"projecte-tecnologia-i-salut-disseny-del-blog","status":"publish","type":"post","link":"https:\/\/agora.xtec.cat\/escjoanardevol\/portada\/projecte-tecnologia-i-salut-disseny-del-blog\/","title":{"rendered":"Projecte Tecnologia i salut"},"content":{"rendered":"<p>Els alumnes de 6\u00e8 hem iniciat un projecte a l&#8217;\u00e0rea de medi: <em><strong>Tecnologia i salut, s\u00f3n un bon equip?<\/strong><\/em><\/p>\n<p>Amb aquest projecte crearem un blog sobre el cos hum\u00e0 i la salut amb informaci\u00f3 sobre el funcionament del cos, la tecnologia aplicada a la salut i les conductes saludables. Tot i ser un projecte de medi, ens estem adonant que es tracta d&#8217;un projecte interdisciplinar, ja que fem activitats relacionades amb les altres \u00e0rees.<\/p>\n<p>Aquest blog el crearem \u00edntegrament nosaltres, comen\u00e7ant pel logotip i la icona i acabant per tota la informaci\u00f3 recollida en els articles que penjarem.<\/p>\n<p>Hem aprofitat una sessi\u00f3 de pl\u00e0stica per a dissenyar el logotip i la icona del nostre blog. Tots hem fet una molt bona feina:<\/p>\n<p><a href=\"http:\/\/agora.xtec.cat\/escjoanardevol\/wp-content\/uploads\/usu550\/2018\/05\/image1.jpg\"><img loading=\"lazy\" decoding=\"async\" class=\"alignnone wp-image-5249\" src=\"http:\/\/agora.xtec.cat\/escjoanardevol\/wp-content\/uploads\/usu550\/2018\/05\/image1.jpg\" alt=\"\" width=\"392\" height=\"294\" srcset=\"https:\/\/agora.xtec.cat\/escjoanardevol\/wp-content\/uploads\/usu550\/2018\/05\/image1.jpg 640w, https:\/\/agora.xtec.cat\/escjoanardevol\/wp-content\/uploads\/usu550\/2018\/05\/image1-300x225.jpg 300w, https:\/\/agora.xtec.cat\/escjoanardevol\/wp-content\/uploads\/usu550\/2018\/05\/image1-200x150.jpg 200w\" sizes=\"auto, (max-width: 392px) 100vw, 392px\" \/><\/a><\/p>\n<p>Aquestes s\u00f3n les dues imatges que han estat seleccionades.<\/p>\n<p><a href=\"http:\/\/agora.xtec.cat\/escjoanardevol\/wp-content\/uploads\/usu550\/2018\/05\/image2.jpg\"><img loading=\"lazy\" decoding=\"async\" class=\"alignnone wp-image-5250\" src=\"http:\/\/agora.xtec.cat\/escjoanardevol\/wp-content\/uploads\/usu550\/2018\/05\/image2.jpg\" alt=\"\" width=\"389\" height=\"292\" srcset=\"https:\/\/agora.xtec.cat\/escjoanardevol\/wp-content\/uploads\/usu550\/2018\/05\/image2.jpg 640w, https:\/\/agora.xtec.cat\/escjoanardevol\/wp-content\/uploads\/usu550\/2018\/05\/image2-300x225.jpg 300w, https:\/\/agora.xtec.cat\/escjoanardevol\/wp-content\/uploads\/usu550\/2018\/05\/image2-200x150.jpg 200w\" sizes=\"auto, (max-width: 389px) 100vw, 389px\" \/><\/a><\/p>\n","protected":false},"excerpt":{"rendered":"<p>Els alumnes de 6\u00e8 hem iniciat un projecte a l&#8217;\u00e0rea de medi: Tecnologia i salut, s\u00f3n un bon equip?<br \/>\nAmb aquest projecte crearem un blog sobre el cos hum\u00e0 i la salut amb informaci\u00f3 sobre el funcionament del cos, la tecnologia aplicada a la salut i&hellip;  <a href=\"https:\/\/agora.xtec.cat\/escjoanardevol\/portada\/projecte-tecnologia-i-salut-disseny-del-blog\/\" title=\"Read Projecte Tecnologia i salut\">Llegeix m\u00e9s\u00bb<\/a><\/p>\n","protected":false},"author":1,"featured_media":5247,"comment_status":"closed","ping_status":"closed","sticky":false,"template":"","format":"standard","meta":{"_bbp_topic_count":0,"_bbp_reply_count":0,"_bbp_total_topic_count":0,"_bbp_total_reply_count":0,"_bbp_voice_count":0,"_bbp_anonymous_reply_count":0,"_bbp_topic_count_hidden":0,"_bbp_reply_count_hidden":0,"_bbp_forum_subforum_count":0,"footnotes":""},"categories":[15,4,220],"tags":[59,77,80,140,219,167,182],"class_list":["post-5248","post","type-post","status-publish","format-standard","has-post-thumbnail","hentry","category-6e","category-portada","category-tecnologia-i-salut-17-18","tag-activitats","tag-cicle-superior-2","tag-ciencies","tag-medi","tag-projectes","tag-salut","tag-treball"],"post_mailing_queue_ids":[],"_links":{"self":[{"href":"https:\/\/agora.xtec.cat\/escjoanardevol\/wp-json\/wp\/v2\/posts\/5248","targetHints":{"allow":["GET"]}}],"collection":[{"href":"https:\/\/agora.xtec.cat\/escjoanardevol\/wp-json\/wp\/v2\/posts"}],"about":[{"href":"https:\/\/agora.xtec.cat\/escjoanardevol\/wp-json\/wp\/v2\/types\/post"}],"author":[{"embeddable":true,"href":"https:\/\/agora.xtec.cat\/escjoanardevol\/wp-json\/wp\/v2\/users\/1"}],"replies":[{"embeddable":true,"href":"https:\/\/agora.xtec.cat\/escjoanardevol\/wp-json\/wp\/v2\/comments?post=5248"}],"version-history":[{"count":3,"href":"https:\/\/agora.xtec.cat\/escjoanardevol\/wp-json\/wp\/v2\/posts\/5248\/revisions"}],"predecessor-version":[{"id":5279,"href":"https:\/\/agora.xtec.cat\/escjoanardevol\/wp-json\/wp\/v2\/posts\/5248\/revisions\/5279"}],"wp:featuredmedia":[{"embeddable":true,"href":"https:\/\/agora.xtec.cat\/escjoanardevol\/wp-json\/wp\/v2\/media\/5247"}],"wp:attachment":[{"href":"https:\/\/agora.xtec.cat\/escjoanardevol\/wp-json\/wp\/v2\/media?parent=5248"}],"wp:term":[{"taxonomy":"category","embeddable":true,"href":"https:\/\/agora.xtec.cat\/escjoanardevol\/wp-json\/wp\/v2\/categories?post=5248"},{"taxonomy":"post_tag","embeddable":true,"href":"https:\/\/agora.xtec.cat\/escjoanardevol\/wp-json\/wp\/v2\/tags?post=5248"}],"curies":[{"name":"wp","href":"https:\/\/api.w.org\/{rel}","templated":true}]}}