{"id":5224,"date":"2018-04-25T18:32:49","date_gmt":"2018-04-25T16:32:49","guid":{"rendered":"http:\/\/agora.xtec.cat\/escjoanardevol\/?p=5224"},"modified":"2018-04-25T18:32:49","modified_gmt":"2018-04-25T16:32:49","slug":"vent-a-lescola","status":"publish","type":"post","link":"https:\/\/agora.xtec.cat\/escjoanardevol\/portada\/vent-a-lescola\/","title":{"rendered":"Vent a l&#8217;escola"},"content":{"rendered":"<p>El dia 25 d&#8217;abril els alumnes de segon de la nostra escola han gaudit d&#8217;una presentaci\u00f3 en directe d&#8217;instruments de vent, a c\u00e0rrec de professors de l&#8217;Escola de Musica de Cambrils.<\/p>\n<p>Hem pogut veure de prop la flauta travessera, el clarinet, el saxo, la trompeta i el tromb\u00f3. Tamb\u00e9 ens han explicat el seu funcionament i el que calia fer per poder-los tocar. Els hem sentit tots junts amb la primera pe\u00e7a que han tocat, la sintonia dels Looney Tunes.<\/p>\n<p>A trav\u00e9s del conte &#8221; La Cam\u00ed i els instruments diab\u00f2lics&#8221; han presentat els diferents aspectes mel\u00f2dics de cada instrument, alhora que hi han inserit fragments conjunts de peces molt conegudes com:<br \/>\n&#8211; Toy Story.<br \/>\n&#8211; El llibre de la Selva.<br \/>\n&#8211; El final de l&#8217;obertura de l&#8217;\u00f2pera Guillem Tell\u00a0 d&#8217;en Gioachino Rossini.<\/p>\n<p>Ha estat una sessi\u00f3 enriquidora i divertida. Vegeu les fotos d&#8217;alguns dels moments:<\/p>\n<p><a href=\"https:\/\/photos.app.goo.gl\/hQ0F9B8DWNbpnwkA3\" target=\"_blank\" rel=\"noopener noreferrer\"><img loading=\"lazy\" decoding=\"async\" class=\"alignnone wp-image-5225 size-medium\" src=\"http:\/\/agora.xtec.cat\/escjoanardevol\/wp-content\/uploads\/usu550\/2018\/04\/DSC_0027-c\u00f2pia-300x200.jpg\" alt=\"\" width=\"300\" height=\"200\" srcset=\"https:\/\/agora.xtec.cat\/escjoanardevol\/wp-content\/uploads\/usu550\/2018\/04\/DSC_0027-c\u00f2pia-300x200.jpg 300w, https:\/\/agora.xtec.cat\/escjoanardevol\/wp-content\/uploads\/usu550\/2018\/04\/DSC_0027-c\u00f2pia-768x512.jpg 768w, https:\/\/agora.xtec.cat\/escjoanardevol\/wp-content\/uploads\/usu550\/2018\/04\/DSC_0027-c\u00f2pia-1024x683.jpg 1024w\" sizes=\"auto, (max-width: 300px) 100vw, 300px\" \/><\/a><\/p>\n<p>Tamb\u00e9, de pas, recordem l&#8217;activitat anterior en qu\u00e8 els mestres de corda de l&#8217;escola de m\u00fasica ens van fer la presentaci\u00f3 dels instruments de corda. Vam fruir molt de les seves presentacions, explicacions i especialment de les variades audicions:<\/p>\n<p><a href=\"https:\/\/photos.app.goo.gl\/uz0QM6Jij69o3ke52\" target=\"_blank\" rel=\"noopener noreferrer\"><img loading=\"lazy\" decoding=\"async\" class=\"alignnone wp-image-5226 size-medium\" src=\"http:\/\/agora.xtec.cat\/escjoanardevol\/wp-content\/uploads\/usu550\/2018\/04\/IMG_6246-c\u00f2pia-300x225.jpg\" alt=\"\" width=\"300\" height=\"225\" srcset=\"https:\/\/agora.xtec.cat\/escjoanardevol\/wp-content\/uploads\/usu550\/2018\/04\/IMG_6246-c\u00f2pia-300x225.jpg 300w, https:\/\/agora.xtec.cat\/escjoanardevol\/wp-content\/uploads\/usu550\/2018\/04\/IMG_6246-c\u00f2pia-768x576.jpg 768w, https:\/\/agora.xtec.cat\/escjoanardevol\/wp-content\/uploads\/usu550\/2018\/04\/IMG_6246-c\u00f2pia-1024x768.jpg 1024w, https:\/\/agora.xtec.cat\/escjoanardevol\/wp-content\/uploads\/usu550\/2018\/04\/IMG_6246-c\u00f2pia-200x150.jpg 200w, https:\/\/agora.xtec.cat\/escjoanardevol\/wp-content\/uploads\/usu550\/2018\/04\/IMG_6246-c\u00f2pia.jpg 1408w\" sizes=\"auto, (max-width: 300px) 100vw, 300px\" \/><\/a><\/p>\n<p>&nbsp;<\/p>\n","protected":false},"excerpt":{"rendered":"<p>El dia 25 d&#8217;abril els alumnes de segon de la nostra escola han gaudit d&#8217;una presentaci\u00f3 en directe d&#8217;instruments de vent, a c\u00e0rrec de professors de l&#8217;Escola de Musica de Cambrils.<br \/>\nHem pogut veure de prop la flauta travessera, el clarinet, el saxo, la trompeta i&hellip;  <a href=\"https:\/\/agora.xtec.cat\/escjoanardevol\/portada\/vent-a-lescola\/\" title=\"Read Vent a l&#8217;escola\">Llegeix m\u00e9s\u00bb<\/a><\/p>\n","protected":false},"author":1,"featured_media":5225,"comment_status":"closed","ping_status":"closed","sticky":false,"template":"","format":"standard","meta":{"_bbp_topic_count":0,"_bbp_reply_count":0,"_bbp_total_topic_count":0,"_bbp_total_reply_count":0,"_bbp_voice_count":0,"_bbp_anonymous_reply_count":0,"_bbp_topic_count_hidden":0,"_bbp_reply_count_hidden":0,"_bbp_forum_subforum_count":0,"footnotes":""},"categories":[10,11,4],"tags":[59,69,75,94,145],"class_list":["post-5224","post","type-post","status-publish","format-standard","has-post-thumbnail","hentry","category-1r","category-2n","category-portada","tag-activitats","tag-cambrils","tag-cicle-inicial","tag-cooperacio","tag-musica"],"post_mailing_queue_ids":[],"_links":{"self":[{"href":"https:\/\/agora.xtec.cat\/escjoanardevol\/wp-json\/wp\/v2\/posts\/5224","targetHints":{"allow":["GET"]}}],"collection":[{"href":"https:\/\/agora.xtec.cat\/escjoanardevol\/wp-json\/wp\/v2\/posts"}],"about":[{"href":"https:\/\/agora.xtec.cat\/escjoanardevol\/wp-json\/wp\/v2\/types\/post"}],"author":[{"embeddable":true,"href":"https:\/\/agora.xtec.cat\/escjoanardevol\/wp-json\/wp\/v2\/users\/1"}],"replies":[{"embeddable":true,"href":"https:\/\/agora.xtec.cat\/escjoanardevol\/wp-json\/wp\/v2\/comments?post=5224"}],"version-history":[{"count":1,"href":"https:\/\/agora.xtec.cat\/escjoanardevol\/wp-json\/wp\/v2\/posts\/5224\/revisions"}],"predecessor-version":[{"id":5227,"href":"https:\/\/agora.xtec.cat\/escjoanardevol\/wp-json\/wp\/v2\/posts\/5224\/revisions\/5227"}],"wp:featuredmedia":[{"embeddable":true,"href":"https:\/\/agora.xtec.cat\/escjoanardevol\/wp-json\/wp\/v2\/media\/5225"}],"wp:attachment":[{"href":"https:\/\/agora.xtec.cat\/escjoanardevol\/wp-json\/wp\/v2\/media?parent=5224"}],"wp:term":[{"taxonomy":"category","embeddable":true,"href":"https:\/\/agora.xtec.cat\/escjoanardevol\/wp-json\/wp\/v2\/categories?post=5224"},{"taxonomy":"post_tag","embeddable":true,"href":"https:\/\/agora.xtec.cat\/escjoanardevol\/wp-json\/wp\/v2\/tags?post=5224"}],"curies":[{"name":"wp","href":"https:\/\/api.w.org\/{rel}","templated":true}]}}