{"id":5214,"date":"2018-04-25T09:47:10","date_gmt":"2018-04-25T07:47:10","guid":{"rendered":"http:\/\/agora.xtec.cat\/escjoanardevol\/?p=5214"},"modified":"2018-04-25T17:01:55","modified_gmt":"2018-04-25T15:01:55","slug":"terapia-a-4-potes","status":"publish","type":"post","link":"https:\/\/agora.xtec.cat\/escjoanardevol\/portada\/terapia-a-4-potes\/","title":{"rendered":"El m\u00f3n a 4 potes."},"content":{"rendered":"<p>La Poma i el Croqueta ens han visitat per explicar-nos el seu viatge per ajudar a nens i nenes d&#8217;altres pa\u00efsos. Els nostres alumnes han demostrat empatia cap a aquells nens i nenes que tenen m\u00e9s dificultats. Han col\u00b7laborat a totes tes activitats proposades amb molta emoci\u00f3 i energia, demostrant que tenen for\u00e7a coneixement del m\u00f3n.<\/p>\n<table>\n<tbody>\n<tr>\n<td><a href=\"http:\/\/agora.xtec.cat\/escjoanardevol\/wp-content\/uploads\/usu550\/2018\/04\/IMG_9422.jpg\"><img loading=\"lazy\" decoding=\"async\" class=\"wp-image-5215 aligncenter\" src=\"http:\/\/agora.xtec.cat\/escjoanardevol\/wp-content\/uploads\/usu550\/2018\/04\/IMG_9422-1024x765.jpg\" alt=\"\" width=\"265\" height=\"198\" srcset=\"https:\/\/agora.xtec.cat\/escjoanardevol\/wp-content\/uploads\/usu550\/2018\/04\/IMG_9422-1024x765.jpg 1024w, https:\/\/agora.xtec.cat\/escjoanardevol\/wp-content\/uploads\/usu550\/2018\/04\/IMG_9422-300x224.jpg 300w, https:\/\/agora.xtec.cat\/escjoanardevol\/wp-content\/uploads\/usu550\/2018\/04\/IMG_9422-768x574.jpg 768w, https:\/\/agora.xtec.cat\/escjoanardevol\/wp-content\/uploads\/usu550\/2018\/04\/IMG_9422-200x150.jpg 200w\" sizes=\"auto, (max-width: 265px) 100vw, 265px\" \/><\/a><\/td>\n<td><a href=\"http:\/\/agora.xtec.cat\/escjoanardevol\/wp-content\/uploads\/usu550\/2018\/04\/IMG_9626.jpg\"><img loading=\"lazy\" decoding=\"async\" class=\"wp-image-5218 aligncenter\" src=\"http:\/\/agora.xtec.cat\/escjoanardevol\/wp-content\/uploads\/usu550\/2018\/04\/IMG_9626-1024x768.jpg\" alt=\"\" width=\"263\" height=\"198\" srcset=\"https:\/\/agora.xtec.cat\/escjoanardevol\/wp-content\/uploads\/usu550\/2018\/04\/IMG_9626-1024x768.jpg 1024w, https:\/\/agora.xtec.cat\/escjoanardevol\/wp-content\/uploads\/usu550\/2018\/04\/IMG_9626-300x225.jpg 300w, https:\/\/agora.xtec.cat\/escjoanardevol\/wp-content\/uploads\/usu550\/2018\/04\/IMG_9626-768x576.jpg 768w, https:\/\/agora.xtec.cat\/escjoanardevol\/wp-content\/uploads\/usu550\/2018\/04\/IMG_9626-200x150.jpg 200w, https:\/\/agora.xtec.cat\/escjoanardevol\/wp-content\/uploads\/usu550\/2018\/04\/IMG_9626.jpg 2016w\" sizes=\"auto, (max-width: 263px) 100vw, 263px\" \/><\/a><\/td>\n<\/tr>\n<tr>\n<td><a href=\"http:\/\/agora.xtec.cat\/escjoanardevol\/wp-content\/uploads\/usu550\/2018\/04\/2018-04-25-PHOTO-00000013.jpg\"><img loading=\"lazy\" decoding=\"async\" class=\"wp-image-5222 aligncenter\" src=\"http:\/\/agora.xtec.cat\/escjoanardevol\/wp-content\/uploads\/usu550\/2018\/04\/2018-04-25-PHOTO-00000013-1024x768.jpg\" alt=\"\" width=\"259\" height=\"195\" srcset=\"https:\/\/agora.xtec.cat\/escjoanardevol\/wp-content\/uploads\/usu550\/2018\/04\/2018-04-25-PHOTO-00000013-1024x768.jpg 1024w, https:\/\/agora.xtec.cat\/escjoanardevol\/wp-content\/uploads\/usu550\/2018\/04\/2018-04-25-PHOTO-00000013-300x225.jpg 300w, https:\/\/agora.xtec.cat\/escjoanardevol\/wp-content\/uploads\/usu550\/2018\/04\/2018-04-25-PHOTO-00000013-768x576.jpg 768w, https:\/\/agora.xtec.cat\/escjoanardevol\/wp-content\/uploads\/usu550\/2018\/04\/2018-04-25-PHOTO-00000013-200x150.jpg 200w, https:\/\/agora.xtec.cat\/escjoanardevol\/wp-content\/uploads\/usu550\/2018\/04\/2018-04-25-PHOTO-00000013.jpg 1600w\" sizes=\"auto, (max-width: 259px) 100vw, 259px\" \/><\/a><\/td>\n<td><a href=\"http:\/\/agora.xtec.cat\/escjoanardevol\/wp-content\/uploads\/usu550\/2018\/04\/2018-04-25-PHOTO-00000007.jpg\"><img loading=\"lazy\" decoding=\"async\" class=\"wp-image-5221 aligncenter\" src=\"http:\/\/agora.xtec.cat\/escjoanardevol\/wp-content\/uploads\/usu550\/2018\/04\/2018-04-25-PHOTO-00000007-1024x768.jpg\" alt=\"\" width=\"262\" height=\"196\" srcset=\"https:\/\/agora.xtec.cat\/escjoanardevol\/wp-content\/uploads\/usu550\/2018\/04\/2018-04-25-PHOTO-00000007-1024x768.jpg 1024w, https:\/\/agora.xtec.cat\/escjoanardevol\/wp-content\/uploads\/usu550\/2018\/04\/2018-04-25-PHOTO-00000007-300x225.jpg 300w, https:\/\/agora.xtec.cat\/escjoanardevol\/wp-content\/uploads\/usu550\/2018\/04\/2018-04-25-PHOTO-00000007-768x576.jpg 768w, https:\/\/agora.xtec.cat\/escjoanardevol\/wp-content\/uploads\/usu550\/2018\/04\/2018-04-25-PHOTO-00000007-200x150.jpg 200w, https:\/\/agora.xtec.cat\/escjoanardevol\/wp-content\/uploads\/usu550\/2018\/04\/2018-04-25-PHOTO-00000007.jpg 1600w\" sizes=\"auto, (max-width: 262px) 100vw, 262px\" \/><\/a><\/td>\n<\/tr>\n<\/tbody>\n<\/table>\n<p>&nbsp;<\/p>\n","protected":false},"excerpt":{"rendered":"<p>La Poma i el Croqueta ens han visitat per explicar-nos el seu viatge per ajudar a nens i nenes d&#8217;altres pa\u00efsos. Els nostres alumnes han demostrat empatia cap a aquells nens i nenes que tenen m\u00e9s dificultats. Han col\u00b7laborat a totes tes activitats proposades amb&hellip;  <a href=\"https:\/\/agora.xtec.cat\/escjoanardevol\/portada\/terapia-a-4-potes\/\" title=\"Read El m\u00f3n a 4 potes.\">Llegeix m\u00e9s\u00bb<\/a><\/p>\n","protected":false},"author":5,"featured_media":5215,"comment_status":"closed","ping_status":"closed","sticky":false,"template":"","format":"standard","meta":{"_bbp_topic_count":0,"_bbp_reply_count":0,"_bbp_total_topic_count":0,"_bbp_total_reply_count":0,"_bbp_voice_count":0,"_bbp_anonymous_reply_count":0,"_bbp_topic_count_hidden":0,"_bbp_reply_count_hidden":0,"_bbp_forum_subforum_count":0,"footnotes":""},"categories":[11,4,5],"tags":[75,93,94,140],"class_list":["post-5214","post","type-post","status-publish","format-standard","has-post-thumbnail","hentry","category-2n","category-portada","category-primaria","tag-cicle-inicial","tag-convivencia","tag-cooperacio","tag-medi"],"post_mailing_queue_ids":[],"_links":{"self":[{"href":"https:\/\/agora.xtec.cat\/escjoanardevol\/wp-json\/wp\/v2\/posts\/5214","targetHints":{"allow":["GET"]}}],"collection":[{"href":"https:\/\/agora.xtec.cat\/escjoanardevol\/wp-json\/wp\/v2\/posts"}],"about":[{"href":"https:\/\/agora.xtec.cat\/escjoanardevol\/wp-json\/wp\/v2\/types\/post"}],"author":[{"embeddable":true,"href":"https:\/\/agora.xtec.cat\/escjoanardevol\/wp-json\/wp\/v2\/users\/5"}],"replies":[{"embeddable":true,"href":"https:\/\/agora.xtec.cat\/escjoanardevol\/wp-json\/wp\/v2\/comments?post=5214"}],"version-history":[{"count":3,"href":"https:\/\/agora.xtec.cat\/escjoanardevol\/wp-json\/wp\/v2\/posts\/5214\/revisions"}],"predecessor-version":[{"id":5223,"href":"https:\/\/agora.xtec.cat\/escjoanardevol\/wp-json\/wp\/v2\/posts\/5214\/revisions\/5223"}],"wp:featuredmedia":[{"embeddable":true,"href":"https:\/\/agora.xtec.cat\/escjoanardevol\/wp-json\/wp\/v2\/media\/5215"}],"wp:attachment":[{"href":"https:\/\/agora.xtec.cat\/escjoanardevol\/wp-json\/wp\/v2\/media?parent=5214"}],"wp:term":[{"taxonomy":"category","embeddable":true,"href":"https:\/\/agora.xtec.cat\/escjoanardevol\/wp-json\/wp\/v2\/categories?post=5214"},{"taxonomy":"post_tag","embeddable":true,"href":"https:\/\/agora.xtec.cat\/escjoanardevol\/wp-json\/wp\/v2\/tags?post=5214"}],"curies":[{"name":"wp","href":"https:\/\/api.w.org\/{rel}","templated":true}]}}