{"id":5203,"date":"2018-04-20T17:46:28","date_gmt":"2018-04-20T15:46:28","guid":{"rendered":"http:\/\/agora.xtec.cat\/escjoanardevol\/?p=5203"},"modified":"2018-04-20T17:49:10","modified_gmt":"2018-04-20T15:49:10","slug":"jocs-florals-per-sant-jordi","status":"publish","type":"post","link":"https:\/\/agora.xtec.cat\/escjoanardevol\/infantil\/jocs-florals-per-sant-jordi\/","title":{"rendered":"Jocs florals per Sant Jordi"},"content":{"rendered":"<p>El divendres, 20 d&#8217;abril per la tarda vam celebrar els Jocs florals. En primer lloc, els alumnes de 6\u00e8 van fer una magn\u00edfica representaci\u00f3 de la llegenda davant de tots els alumnes de l&#8217;escola. No va faltar cap detall: el drac, la princesa, el rei i la reina, el poble, els animals&#8230; Tots vam quedar embadalits!<\/p>\n<p>Despr\u00e9s, van repartir els premis dels Jocs Florals. Els guanyadors van ser: Blanca Martin, Aura Balsebre, Pa\u00fcl Almir\u00f3n, Ainhoa Fern\u00e1ndez, Irene Mar Aparicio, Fabio Calderon, Ainhoa Cristobal, Emiliy Caro, J\u00falia Fern\u00e0ndez, Marta Domingo, Ariel Almiron, Guillem Cano, Robert Pop, Mariona Cano.<\/p>\n<p>Pel que fa al conte familiar de l&#8217;AFA, els guanyadors van ser: Alex Crigna, Tino Sanchez, Adri\u00e0 Crigna.<\/p>\n<p>A la sortida, algunes mares van organitzar un berenar per recaptar fons per al viatge de final de curs dels alumnes de 6\u00e8.<\/p>\n<p><a href=\"https:\/\/photos.app.goo.gl\/DxbX4Ol5UUyIfFAN2\" target=\"_blank\" rel=\"noopener noreferrer\"><img loading=\"lazy\" decoding=\"async\" class=\"alignnone wp-image-5204 size-medium\" src=\"http:\/\/agora.xtec.cat\/escjoanardevol\/wp-content\/uploads\/usu550\/2018\/04\/IMG_20180420_155252-c\u00f2pia-300x169.jpg\" alt=\"\" width=\"300\" height=\"169\" srcset=\"https:\/\/agora.xtec.cat\/escjoanardevol\/wp-content\/uploads\/usu550\/2018\/04\/IMG_20180420_155252-c\u00f2pia-300x169.jpg 300w, https:\/\/agora.xtec.cat\/escjoanardevol\/wp-content\/uploads\/usu550\/2018\/04\/IMG_20180420_155252-c\u00f2pia-768x434.jpg 768w, https:\/\/agora.xtec.cat\/escjoanardevol\/wp-content\/uploads\/usu550\/2018\/04\/IMG_20180420_155252-c\u00f2pia-1024x578.jpg 1024w, https:\/\/agora.xtec.cat\/escjoanardevol\/wp-content\/uploads\/usu550\/2018\/04\/IMG_20180420_155252-c\u00f2pia.jpg 1984w\" sizes=\"auto, (max-width: 300px) 100vw, 300px\" \/> <\/a><a href=\"https:\/\/photos.app.goo.gl\/DxbX4Ol5UUyIfFAN2\" target=\"_blank\" rel=\"noopener noreferrer\"><img loading=\"lazy\" decoding=\"async\" class=\"alignnone wp-image-5206 size-medium\" src=\"http:\/\/agora.xtec.cat\/escjoanardevol\/wp-content\/uploads\/usu550\/2018\/04\/IMG_20180420_155947-c\u00f2pia-300x169.jpg\" alt=\"\" width=\"300\" height=\"169\" srcset=\"https:\/\/agora.xtec.cat\/escjoanardevol\/wp-content\/uploads\/usu550\/2018\/04\/IMG_20180420_155947-c\u00f2pia-300x169.jpg 300w, https:\/\/agora.xtec.cat\/escjoanardevol\/wp-content\/uploads\/usu550\/2018\/04\/IMG_20180420_155947-c\u00f2pia-768x434.jpg 768w, https:\/\/agora.xtec.cat\/escjoanardevol\/wp-content\/uploads\/usu550\/2018\/04\/IMG_20180420_155947-c\u00f2pia-1024x578.jpg 1024w, https:\/\/agora.xtec.cat\/escjoanardevol\/wp-content\/uploads\/usu550\/2018\/04\/IMG_20180420_155947-c\u00f2pia.jpg 1984w\" sizes=\"auto, (max-width: 300px) 100vw, 300px\" \/><\/a><\/p>\n<p>&nbsp;<\/p>\n","protected":false},"excerpt":{"rendered":"<p>El divendres, 20 d&#8217;abril per la tarda vam celebrar els Jocs florals. En primer lloc, els alumnes de 6\u00e8 van fer una magn\u00edfica representaci\u00f3 de la llegenda davant de tots els alumnes de l&#8217;escola. No va faltar cap detall: el drac, la princesa, el rei&hellip;  <a href=\"https:\/\/agora.xtec.cat\/escjoanardevol\/infantil\/jocs-florals-per-sant-jordi\/\" title=\"Read Jocs florals per Sant Jordi\">Llegeix m\u00e9s\u00bb<\/a><\/p>\n","protected":false},"author":1,"featured_media":5204,"comment_status":"closed","ping_status":"closed","sticky":false,"template":"","format":"standard","meta":{"_bbp_topic_count":0,"_bbp_reply_count":0,"_bbp_total_topic_count":0,"_bbp_total_reply_count":0,"_bbp_voice_count":0,"_bbp_anonymous_reply_count":0,"_bbp_topic_count_hidden":0,"_bbp_reply_count_hidden":0,"_bbp_forum_subforum_count":0,"footnotes":""},"categories":[2,4,5],"tags":[59,75,76,77,89,92,103,115,128,133],"class_list":["post-5203","post","type-post","status-publish","format-standard","has-post-thumbnail","hentry","category-infantil","category-portada","category-primaria","tag-activitats","tag-cicle-inicial","tag-cicle-mitja","tag-cicle-superior-2","tag-concursos","tag-contes","tag-educacio-infantil","tag-festes","tag-jornades","tag-llibres"],"post_mailing_queue_ids":[],"_links":{"self":[{"href":"https:\/\/agora.xtec.cat\/escjoanardevol\/wp-json\/wp\/v2\/posts\/5203","targetHints":{"allow":["GET"]}}],"collection":[{"href":"https:\/\/agora.xtec.cat\/escjoanardevol\/wp-json\/wp\/v2\/posts"}],"about":[{"href":"https:\/\/agora.xtec.cat\/escjoanardevol\/wp-json\/wp\/v2\/types\/post"}],"author":[{"embeddable":true,"href":"https:\/\/agora.xtec.cat\/escjoanardevol\/wp-json\/wp\/v2\/users\/1"}],"replies":[{"embeddable":true,"href":"https:\/\/agora.xtec.cat\/escjoanardevol\/wp-json\/wp\/v2\/comments?post=5203"}],"version-history":[{"count":3,"href":"https:\/\/agora.xtec.cat\/escjoanardevol\/wp-json\/wp\/v2\/posts\/5203\/revisions"}],"predecessor-version":[{"id":5208,"href":"https:\/\/agora.xtec.cat\/escjoanardevol\/wp-json\/wp\/v2\/posts\/5203\/revisions\/5208"}],"wp:featuredmedia":[{"embeddable":true,"href":"https:\/\/agora.xtec.cat\/escjoanardevol\/wp-json\/wp\/v2\/media\/5204"}],"wp:attachment":[{"href":"https:\/\/agora.xtec.cat\/escjoanardevol\/wp-json\/wp\/v2\/media?parent=5203"}],"wp:term":[{"taxonomy":"category","embeddable":true,"href":"https:\/\/agora.xtec.cat\/escjoanardevol\/wp-json\/wp\/v2\/categories?post=5203"},{"taxonomy":"post_tag","embeddable":true,"href":"https:\/\/agora.xtec.cat\/escjoanardevol\/wp-json\/wp\/v2\/tags?post=5203"}],"curies":[{"name":"wp","href":"https:\/\/api.w.org\/{rel}","templated":true}]}}