{"id":5200,"date":"2018-04-20T08:58:18","date_gmt":"2018-04-20T06:58:18","guid":{"rendered":"http:\/\/agora.xtec.cat\/escjoanardevol\/?p=5200"},"modified":"2018-04-20T08:58:18","modified_gmt":"2018-04-20T06:58:18","slug":"sant-jordi-amb-els-avis","status":"publish","type":"post","link":"https:\/\/agora.xtec.cat\/escjoanardevol\/portada\/sant-jordi-amb-els-avis\/","title":{"rendered":"Sant Jordi amb els avis"},"content":{"rendered":"<p>El mat\u00ed de\u00a0 dimecres 18 d\u2019abril, els alumnes de Cicle Inicial vam rebre la visita dels avis de la resid\u00e8ncia Cambrils Suite que van representar la llegenda de Sant Jordi amb titelles elaborades per ells. La posada en escena dels avis va ser captivadora. La col\u00b7laboraci\u00f3, tant de la narradora com la dels personatges, va mantenir l\u2019atenci\u00f3 del p\u00fablic en tot moment. En acabar la representaci\u00f3, dues alumnes del cicle van obsequiar-los amb una postal. Finalment ens vam fer una fotografia de grup.<\/p>\n<p>Cal agrair-los el treball realitzat i el bon humor que mostren. Esperem poder compartir m\u00e9s moments com aquest.<\/p>\n<p><a href=\"https:\/\/photos.app.goo.gl\/TlNKoXKMxrr90Z2H2\" target=\"_blank\" rel=\"noopener noreferrer\"><img loading=\"lazy\" decoding=\"async\" class=\"alignnone wp-image-5201 size-medium\" src=\"http:\/\/agora.xtec.cat\/escjoanardevol\/wp-content\/uploads\/usu550\/2018\/04\/IMG_0055-c\u00f2pia-300x225.jpg\" alt=\"\" width=\"300\" height=\"225\" srcset=\"https:\/\/agora.xtec.cat\/escjoanardevol\/wp-content\/uploads\/usu550\/2018\/04\/IMG_0055-c\u00f2pia-300x225.jpg 300w, https:\/\/agora.xtec.cat\/escjoanardevol\/wp-content\/uploads\/usu550\/2018\/04\/IMG_0055-c\u00f2pia-768x576.jpg 768w, https:\/\/agora.xtec.cat\/escjoanardevol\/wp-content\/uploads\/usu550\/2018\/04\/IMG_0055-c\u00f2pia-1024x768.jpg 1024w, https:\/\/agora.xtec.cat\/escjoanardevol\/wp-content\/uploads\/usu550\/2018\/04\/IMG_0055-c\u00f2pia-200x150.jpg 200w\" sizes=\"auto, (max-width: 300px) 100vw, 300px\" \/><\/a><\/p>\n","protected":false},"excerpt":{"rendered":"<p>El mat\u00ed de\u00a0 dimecres 18 d\u2019abril, els alumnes de Cicle Inicial vam rebre la visita dels avis de la resid\u00e8ncia Cambrils Suite que van representar la llegenda de Sant Jordi amb titelles elaborades per ells. La posada en escena dels avis va ser captivadora. La&hellip;  <a href=\"https:\/\/agora.xtec.cat\/escjoanardevol\/portada\/sant-jordi-amb-els-avis\/\" title=\"Read Sant Jordi amb els avis\">Llegeix m\u00e9s\u00bb<\/a><\/p>\n","protected":false},"author":1,"featured_media":5201,"comment_status":"closed","ping_status":"closed","sticky":false,"template":"","format":"standard","meta":{"_bbp_topic_count":0,"_bbp_reply_count":0,"_bbp_total_topic_count":0,"_bbp_total_reply_count":0,"_bbp_voice_count":0,"_bbp_anonymous_reply_count":0,"_bbp_topic_count_hidden":0,"_bbp_reply_count_hidden":0,"_bbp_forum_subforum_count":0,"footnotes":""},"categories":[10,11,4],"tags":[59,69,75,93,94,115,130,187],"class_list":["post-5200","post","type-post","status-publish","format-standard","has-post-thumbnail","hentry","category-1r","category-2n","category-portada","tag-activitats","tag-cambrils","tag-cicle-inicial","tag-convivencia","tag-cooperacio","tag-festes","tag-lectura","tag-valors"],"post_mailing_queue_ids":[],"_links":{"self":[{"href":"https:\/\/agora.xtec.cat\/escjoanardevol\/wp-json\/wp\/v2\/posts\/5200","targetHints":{"allow":["GET"]}}],"collection":[{"href":"https:\/\/agora.xtec.cat\/escjoanardevol\/wp-json\/wp\/v2\/posts"}],"about":[{"href":"https:\/\/agora.xtec.cat\/escjoanardevol\/wp-json\/wp\/v2\/types\/post"}],"author":[{"embeddable":true,"href":"https:\/\/agora.xtec.cat\/escjoanardevol\/wp-json\/wp\/v2\/users\/1"}],"replies":[{"embeddable":true,"href":"https:\/\/agora.xtec.cat\/escjoanardevol\/wp-json\/wp\/v2\/comments?post=5200"}],"version-history":[{"count":1,"href":"https:\/\/agora.xtec.cat\/escjoanardevol\/wp-json\/wp\/v2\/posts\/5200\/revisions"}],"predecessor-version":[{"id":5202,"href":"https:\/\/agora.xtec.cat\/escjoanardevol\/wp-json\/wp\/v2\/posts\/5200\/revisions\/5202"}],"wp:featuredmedia":[{"embeddable":true,"href":"https:\/\/agora.xtec.cat\/escjoanardevol\/wp-json\/wp\/v2\/media\/5201"}],"wp:attachment":[{"href":"https:\/\/agora.xtec.cat\/escjoanardevol\/wp-json\/wp\/v2\/media?parent=5200"}],"wp:term":[{"taxonomy":"category","embeddable":true,"href":"https:\/\/agora.xtec.cat\/escjoanardevol\/wp-json\/wp\/v2\/categories?post=5200"},{"taxonomy":"post_tag","embeddable":true,"href":"https:\/\/agora.xtec.cat\/escjoanardevol\/wp-json\/wp\/v2\/tags?post=5200"}],"curies":[{"name":"wp","href":"https:\/\/api.w.org\/{rel}","templated":true}]}}