{"id":5184,"date":"2018-04-11T11:14:30","date_gmt":"2018-04-11T09:14:30","guid":{"rendered":"http:\/\/agora.xtec.cat\/escjoanardevol\/?p=5184"},"modified":"2018-04-11T11:14:30","modified_gmt":"2018-04-11T09:14:30","slug":"festa-del-mar-a-p3","status":"publish","type":"post","link":"https:\/\/agora.xtec.cat\/escjoanardevol\/infantil\/p3\/festa-del-mar-a-p3\/","title":{"rendered":"Festa del mar a P3"},"content":{"rendered":"<p>El dia 10 d&#8217;abril vam fer la festa del mar a P3. Vam invitar als nens i nenes de P2 de la Llar d&#8217;infants M Dolors Medina.<\/p>\n<p>La festa va ser molt divertida, vam fer can\u00e7ons del mar i l&#8217;Estela, la J\u00falia i la Ginane van representar el conte &#8220;El peix irisat&#8221;, un peix molt bonic, amb unes escates molt boniques que apr\u00e8n que compartir \u00e9s la millor manera de tenir amics i sentir-se b\u00e9.<\/p>\n<p>Finalment, vam berenar a les classes. L&#8217;AFA de l&#8217;escola ens havia preparat un pa amb tom\u00e0quet amb pernil o formatge i unes galetetes amb forma de peix!<\/p>\n<p><a href=\"https:\/\/photos.app.goo.gl\/dr5RolZ2IpPfG9BW2\" target=\"_blank\" rel=\"noopener noreferrer\"><img loading=\"lazy\" decoding=\"async\" class=\"alignnone wp-image-5185 size-medium\" src=\"http:\/\/agora.xtec.cat\/escjoanardevol\/wp-content\/uploads\/usu550\/2018\/04\/IMG_20180410_152820-c\u00f2pia-300x169.jpg\" alt=\"\" width=\"300\" height=\"169\" srcset=\"https:\/\/agora.xtec.cat\/escjoanardevol\/wp-content\/uploads\/usu550\/2018\/04\/IMG_20180410_152820-c\u00f2pia-300x169.jpg 300w, https:\/\/agora.xtec.cat\/escjoanardevol\/wp-content\/uploads\/usu550\/2018\/04\/IMG_20180410_152820-c\u00f2pia-768x434.jpg 768w, https:\/\/agora.xtec.cat\/escjoanardevol\/wp-content\/uploads\/usu550\/2018\/04\/IMG_20180410_152820-c\u00f2pia-1024x578.jpg 1024w, https:\/\/agora.xtec.cat\/escjoanardevol\/wp-content\/uploads\/usu550\/2018\/04\/IMG_20180410_152820-c\u00f2pia.jpg 1984w\" sizes=\"auto, (max-width: 300px) 100vw, 300px\" \/><\/a><\/p>\n","protected":false},"excerpt":{"rendered":"<p>El dia 10 d&#8217;abril vam fer la festa del mar a P3. Vam invitar als nens i nenes de P2 de la Llar d&#8217;infants M Dolors Medina.<br \/>\nLa festa va ser molt divertida, vam fer can\u00e7ons del mar i l&#8217;Estela, la J\u00falia i la Ginane van&hellip;  <a href=\"https:\/\/agora.xtec.cat\/escjoanardevol\/infantil\/p3\/festa-del-mar-a-p3\/\" title=\"Read Festa del mar a P3\">Llegeix m\u00e9s\u00bb<\/a><\/p>\n","protected":false},"author":1,"featured_media":5185,"comment_status":"closed","ping_status":"closed","sticky":false,"template":"","format":"standard","meta":{"_bbp_topic_count":0,"_bbp_reply_count":0,"_bbp_total_topic_count":0,"_bbp_total_reply_count":0,"_bbp_voice_count":0,"_bbp_anonymous_reply_count":0,"_bbp_topic_count_hidden":0,"_bbp_reply_count_hidden":0,"_bbp_forum_subforum_count":0,"footnotes":""},"categories":[3,4],"tags":[59,103,115,182],"class_list":["post-5184","post","type-post","status-publish","format-standard","has-post-thumbnail","hentry","category-p3","category-portada","tag-activitats","tag-educacio-infantil","tag-festes","tag-treball"],"post_mailing_queue_ids":[],"_links":{"self":[{"href":"https:\/\/agora.xtec.cat\/escjoanardevol\/wp-json\/wp\/v2\/posts\/5184","targetHints":{"allow":["GET"]}}],"collection":[{"href":"https:\/\/agora.xtec.cat\/escjoanardevol\/wp-json\/wp\/v2\/posts"}],"about":[{"href":"https:\/\/agora.xtec.cat\/escjoanardevol\/wp-json\/wp\/v2\/types\/post"}],"author":[{"embeddable":true,"href":"https:\/\/agora.xtec.cat\/escjoanardevol\/wp-json\/wp\/v2\/users\/1"}],"replies":[{"embeddable":true,"href":"https:\/\/agora.xtec.cat\/escjoanardevol\/wp-json\/wp\/v2\/comments?post=5184"}],"version-history":[{"count":1,"href":"https:\/\/agora.xtec.cat\/escjoanardevol\/wp-json\/wp\/v2\/posts\/5184\/revisions"}],"predecessor-version":[{"id":5186,"href":"https:\/\/agora.xtec.cat\/escjoanardevol\/wp-json\/wp\/v2\/posts\/5184\/revisions\/5186"}],"wp:featuredmedia":[{"embeddable":true,"href":"https:\/\/agora.xtec.cat\/escjoanardevol\/wp-json\/wp\/v2\/media\/5185"}],"wp:attachment":[{"href":"https:\/\/agora.xtec.cat\/escjoanardevol\/wp-json\/wp\/v2\/media?parent=5184"}],"wp:term":[{"taxonomy":"category","embeddable":true,"href":"https:\/\/agora.xtec.cat\/escjoanardevol\/wp-json\/wp\/v2\/categories?post=5184"},{"taxonomy":"post_tag","embeddable":true,"href":"https:\/\/agora.xtec.cat\/escjoanardevol\/wp-json\/wp\/v2\/tags?post=5184"}],"curies":[{"name":"wp","href":"https:\/\/api.w.org\/{rel}","templated":true}]}}