{"id":5181,"date":"2018-04-10T18:24:08","date_gmt":"2018-04-10T16:24:08","guid":{"rendered":"http:\/\/agora.xtec.cat\/escjoanardevol\/?p=5181"},"modified":"2018-04-10T18:24:08","modified_gmt":"2018-04-10T16:24:08","slug":"plantem-cambrils","status":"publish","type":"post","link":"https:\/\/agora.xtec.cat\/escjoanardevol\/portada\/plantem-cambrils\/","title":{"rendered":"Plantem Cambrils"},"content":{"rendered":"<p>Aquest dimarts 10 d\u2019abril els nens i nenes de quart hem fet una interessant activitat de medi natural: Plantem Cambrils. Hem observat l\u2019arbrat del pati, del voltant de l\u2019escola i del Barranc de la Mare de D\u00e9u del Cam\u00ed. Hem identificat i comparat les diferents esp\u00e8cies mitjan\u00e7ant un entretingut joc. Finalment hem fet una plantada d\u2019alzines en una zona verda a prop de l\u2019escola.<\/p>\n<p>Esperem aix\u00ed contribuir en la millora del nostre entorn.<\/p>\n<p><a href=\"https:\/\/photos.app.goo.gl\/DjhEXUnwW9htOIRu2\" target=\"_blank\" rel=\"noopener noreferrer\"><img loading=\"lazy\" decoding=\"async\" class=\"alignnone wp-image-5182 size-medium\" src=\"http:\/\/agora.xtec.cat\/escjoanardevol\/wp-content\/uploads\/usu550\/2018\/04\/IMG_6385-c\u00f2pia-300x225.jpg\" alt=\"\" width=\"300\" height=\"225\" srcset=\"https:\/\/agora.xtec.cat\/escjoanardevol\/wp-content\/uploads\/usu550\/2018\/04\/IMG_6385-c\u00f2pia-300x225.jpg 300w, https:\/\/agora.xtec.cat\/escjoanardevol\/wp-content\/uploads\/usu550\/2018\/04\/IMG_6385-c\u00f2pia-768x576.jpg 768w, https:\/\/agora.xtec.cat\/escjoanardevol\/wp-content\/uploads\/usu550\/2018\/04\/IMG_6385-c\u00f2pia-1024x768.jpg 1024w, https:\/\/agora.xtec.cat\/escjoanardevol\/wp-content\/uploads\/usu550\/2018\/04\/IMG_6385-c\u00f2pia-200x150.jpg 200w, https:\/\/agora.xtec.cat\/escjoanardevol\/wp-content\/uploads\/usu550\/2018\/04\/IMG_6385-c\u00f2pia.jpg 1408w\" sizes=\"auto, (max-width: 300px) 100vw, 300px\" \/><\/a><\/p>\n","protected":false},"excerpt":{"rendered":"<p>Aquest dimarts 10 d\u2019abril els nens i nenes de quart hem fet una interessant activitat de medi natural: Plantem Cambrils. Hem observat l\u2019arbrat del pati, del voltant de l\u2019escola i del Barranc de la Mare de D\u00e9u del Cam\u00ed. Hem identificat i comparat les diferents&hellip;  <a href=\"https:\/\/agora.xtec.cat\/escjoanardevol\/portada\/plantem-cambrils\/\" title=\"Read Plantem Cambrils\">Llegeix m\u00e9s\u00bb<\/a><\/p>\n","protected":false},"author":1,"featured_media":5182,"comment_status":"closed","ping_status":"closed","sticky":false,"template":"","format":"standard","meta":{"_bbp_topic_count":0,"_bbp_reply_count":0,"_bbp_total_topic_count":0,"_bbp_total_reply_count":0,"_bbp_voice_count":0,"_bbp_anonymous_reply_count":0,"_bbp_topic_count_hidden":0,"_bbp_reply_count_hidden":0,"_bbp_forum_subforum_count":0,"footnotes":""},"categories":[12,13,4],"tags":[59,69,76,108,140,16],"class_list":["post-5181","post","type-post","status-publish","format-standard","has-post-thumbnail","hentry","category-3r","category-4t","category-portada","tag-activitats","tag-cambrils","tag-cicle-mitja","tag-escola-verda","tag-medi","tag-sortides"],"post_mailing_queue_ids":[],"_links":{"self":[{"href":"https:\/\/agora.xtec.cat\/escjoanardevol\/wp-json\/wp\/v2\/posts\/5181","targetHints":{"allow":["GET"]}}],"collection":[{"href":"https:\/\/agora.xtec.cat\/escjoanardevol\/wp-json\/wp\/v2\/posts"}],"about":[{"href":"https:\/\/agora.xtec.cat\/escjoanardevol\/wp-json\/wp\/v2\/types\/post"}],"author":[{"embeddable":true,"href":"https:\/\/agora.xtec.cat\/escjoanardevol\/wp-json\/wp\/v2\/users\/1"}],"replies":[{"embeddable":true,"href":"https:\/\/agora.xtec.cat\/escjoanardevol\/wp-json\/wp\/v2\/comments?post=5181"}],"version-history":[{"count":1,"href":"https:\/\/agora.xtec.cat\/escjoanardevol\/wp-json\/wp\/v2\/posts\/5181\/revisions"}],"predecessor-version":[{"id":5183,"href":"https:\/\/agora.xtec.cat\/escjoanardevol\/wp-json\/wp\/v2\/posts\/5181\/revisions\/5183"}],"wp:featuredmedia":[{"embeddable":true,"href":"https:\/\/agora.xtec.cat\/escjoanardevol\/wp-json\/wp\/v2\/media\/5182"}],"wp:attachment":[{"href":"https:\/\/agora.xtec.cat\/escjoanardevol\/wp-json\/wp\/v2\/media?parent=5181"}],"wp:term":[{"taxonomy":"category","embeddable":true,"href":"https:\/\/agora.xtec.cat\/escjoanardevol\/wp-json\/wp\/v2\/categories?post=5181"},{"taxonomy":"post_tag","embeddable":true,"href":"https:\/\/agora.xtec.cat\/escjoanardevol\/wp-json\/wp\/v2\/tags?post=5181"}],"curies":[{"name":"wp","href":"https:\/\/api.w.org\/{rel}","templated":true}]}}