{"id":5176,"date":"2018-04-06T09:05:29","date_gmt":"2018-04-06T07:05:29","guid":{"rendered":"http:\/\/agora.xtec.cat\/escjoanardevol\/?p=5176"},"modified":"2018-04-06T09:05:29","modified_gmt":"2018-04-06T07:05:29","slug":"cicle-mitja-sortida-a-flix","status":"publish","type":"post","link":"https:\/\/agora.xtec.cat\/escjoanardevol\/portada\/cicle-mitja-sortida-a-flix\/","title":{"rendered":"Cicle Mitj\u00e0: sortida a Flix"},"content":{"rendered":"<p>El dimecres, 4 d&#8217;abril, els nens i nenes de tercer i quart hem fet una bonica sortida a la Reserva Natural de Sebes, a Flix. Hem observat la fauna i la flora que hi ha a la riba del riu Ebre. Hem pogut veure cigonyes, bernats pescaires, \u00e0necs, cavalls.. i hem vist el rastre que deixen altres animals que hi viuen com les ll\u00fadrigues, els senglars o els esquirols. Tamb\u00e9 hem vist un magn\u00edfic documental sobre la vida al riu i finalment hem travessat l&#8217;Ebre pel pas de barca.<\/p>\n<div>Ha estat un dia molt especial i hem apr\u00e8s com tenir cura de la natura.<\/div>\n<div><\/div>\n<div>\u00a0<a href=\"https:\/\/photos.app.goo.gl\/PNjAEyVTS1AtqSrl2\" target=\"_blank\" rel=\"noopener noreferrer\"><img loading=\"lazy\" decoding=\"async\" class=\"alignnone wp-image-5179 size-medium\" src=\"http:\/\/agora.xtec.cat\/escjoanardevol\/wp-content\/uploads\/usu550\/2018\/04\/IMG_6341-c\u00f2pia-300x178.jpg\" alt=\"\" width=\"300\" height=\"178\" srcset=\"https:\/\/agora.xtec.cat\/escjoanardevol\/wp-content\/uploads\/usu550\/2018\/04\/IMG_6341-c\u00f2pia-300x178.jpg 300w, https:\/\/agora.xtec.cat\/escjoanardevol\/wp-content\/uploads\/usu550\/2018\/04\/IMG_6341-c\u00f2pia-768x457.jpg 768w, https:\/\/agora.xtec.cat\/escjoanardevol\/wp-content\/uploads\/usu550\/2018\/04\/IMG_6341-c\u00f2pia-1024x609.jpg 1024w, https:\/\/agora.xtec.cat\/escjoanardevol\/wp-content\/uploads\/usu550\/2018\/04\/IMG_6341-c\u00f2pia.jpg 1056w\" sizes=\"auto, (max-width: 300px) 100vw, 300px\" \/><\/a><\/div>\n","protected":false},"excerpt":{"rendered":"<p>El dimecres, 4 d&#8217;abril, els nens i nenes de tercer i quart hem fet una bonica sortida a la Reserva Natural de Sebes, a Flix. Hem observat la fauna i la flora que hi ha a la riba del riu Ebre. Hem pogut veure cigonyes,&hellip;  <a href=\"https:\/\/agora.xtec.cat\/escjoanardevol\/portada\/cicle-mitja-sortida-a-flix\/\" title=\"Read Cicle Mitj\u00e0: sortida a Flix\">Llegeix m\u00e9s\u00bb<\/a><\/p>\n","protected":false},"author":1,"featured_media":5179,"comment_status":"closed","ping_status":"closed","sticky":false,"template":"","format":"standard","meta":{"_bbp_topic_count":0,"_bbp_reply_count":0,"_bbp_total_topic_count":0,"_bbp_total_reply_count":0,"_bbp_voice_count":0,"_bbp_anonymous_reply_count":0,"_bbp_topic_count_hidden":0,"_bbp_reply_count_hidden":0,"_bbp_forum_subforum_count":0,"footnotes":""},"categories":[12,13,4],"tags":[76,93,108,140,16,187],"class_list":["post-5176","post","type-post","status-publish","format-standard","has-post-thumbnail","hentry","category-3r","category-4t","category-portada","tag-cicle-mitja","tag-convivencia","tag-escola-verda","tag-medi","tag-sortides","tag-valors"],"post_mailing_queue_ids":[],"_links":{"self":[{"href":"https:\/\/agora.xtec.cat\/escjoanardevol\/wp-json\/wp\/v2\/posts\/5176","targetHints":{"allow":["GET"]}}],"collection":[{"href":"https:\/\/agora.xtec.cat\/escjoanardevol\/wp-json\/wp\/v2\/posts"}],"about":[{"href":"https:\/\/agora.xtec.cat\/escjoanardevol\/wp-json\/wp\/v2\/types\/post"}],"author":[{"embeddable":true,"href":"https:\/\/agora.xtec.cat\/escjoanardevol\/wp-json\/wp\/v2\/users\/1"}],"replies":[{"embeddable":true,"href":"https:\/\/agora.xtec.cat\/escjoanardevol\/wp-json\/wp\/v2\/comments?post=5176"}],"version-history":[{"count":3,"href":"https:\/\/agora.xtec.cat\/escjoanardevol\/wp-json\/wp\/v2\/posts\/5176\/revisions"}],"predecessor-version":[{"id":5180,"href":"https:\/\/agora.xtec.cat\/escjoanardevol\/wp-json\/wp\/v2\/posts\/5176\/revisions\/5180"}],"wp:featuredmedia":[{"embeddable":true,"href":"https:\/\/agora.xtec.cat\/escjoanardevol\/wp-json\/wp\/v2\/media\/5179"}],"wp:attachment":[{"href":"https:\/\/agora.xtec.cat\/escjoanardevol\/wp-json\/wp\/v2\/media?parent=5176"}],"wp:term":[{"taxonomy":"category","embeddable":true,"href":"https:\/\/agora.xtec.cat\/escjoanardevol\/wp-json\/wp\/v2\/categories?post=5176"},{"taxonomy":"post_tag","embeddable":true,"href":"https:\/\/agora.xtec.cat\/escjoanardevol\/wp-json\/wp\/v2\/tags?post=5176"}],"curies":[{"name":"wp","href":"https:\/\/api.w.org\/{rel}","templated":true}]}}