{"id":5169,"date":"2018-04-05T08:55:27","date_gmt":"2018-04-05T06:55:27","guid":{"rendered":"http:\/\/agora.xtec.cat\/escjoanardevol\/?p=5169"},"modified":"2018-04-05T08:55:27","modified_gmt":"2018-04-05T06:55:27","slug":"p4-a-la-biblioteca-de-cambrils","status":"publish","type":"post","link":"https:\/\/agora.xtec.cat\/escjoanardevol\/portada\/p4-a-la-biblioteca-de-cambrils\/","title":{"rendered":"P4 a la biblioteca de Cambrils"},"content":{"rendered":"<p>Els nens i les nenes de P4 hem anat a la Biblioteca de Cambrils. All\u00ed ens esperava la bibliotec\u00e0ria, una noia molt simp\u00e0tica que ens ha parlat del funcionament de la biblioteca i despr\u00e9s ens ha explicat contes molt divertits. Tamb\u00e9 hem tingut una estoneta per mirar i gaudir dels contes lliurement.<\/p>\n<div class=\"yj6qo\">\u00a0<a href=\"https:\/\/photos.app.goo.gl\/zrdhTUfZDCioUKqk1\" target=\"_blank\" rel=\"noopener noreferrer\"><img loading=\"lazy\" decoding=\"async\" class=\"alignnone wp-image-5170 size-medium\" src=\"http:\/\/agora.xtec.cat\/escjoanardevol\/wp-content\/uploads\/usu550\/2018\/04\/IMG_4988-c\u00f2pia-300x225.jpg\" alt=\"\" width=\"300\" height=\"225\" srcset=\"https:\/\/agora.xtec.cat\/escjoanardevol\/wp-content\/uploads\/usu550\/2018\/04\/IMG_4988-c\u00f2pia-300x225.jpg 300w, https:\/\/agora.xtec.cat\/escjoanardevol\/wp-content\/uploads\/usu550\/2018\/04\/IMG_4988-c\u00f2pia-768x576.jpg 768w, https:\/\/agora.xtec.cat\/escjoanardevol\/wp-content\/uploads\/usu550\/2018\/04\/IMG_4988-c\u00f2pia-1024x768.jpg 1024w, https:\/\/agora.xtec.cat\/escjoanardevol\/wp-content\/uploads\/usu550\/2018\/04\/IMG_4988-c\u00f2pia-200x150.jpg 200w\" sizes=\"auto, (max-width: 300px) 100vw, 300px\" \/><\/a><\/div>\n","protected":false},"excerpt":{"rendered":"<p>Els nens i les nenes de P4 hem anat a la Biblioteca de Cambrils. All\u00ed ens esperava la bibliotec\u00e0ria, una noia molt simp\u00e0tica que ens ha parlat del funcionament de la biblioteca i despr\u00e9s ens ha explicat contes molt divertits. Tamb\u00e9 hem tingut una estoneta&hellip;  <a href=\"https:\/\/agora.xtec.cat\/escjoanardevol\/portada\/p4-a-la-biblioteca-de-cambrils\/\" title=\"Read P4 a la biblioteca de Cambrils\">Llegeix m\u00e9s\u00bb<\/a><\/p>\n","protected":false},"author":1,"featured_media":5170,"comment_status":"closed","ping_status":"closed","sticky":false,"template":"","format":"standard","meta":{"_bbp_topic_count":0,"_bbp_reply_count":0,"_bbp_total_topic_count":0,"_bbp_total_reply_count":0,"_bbp_voice_count":0,"_bbp_anonymous_reply_count":0,"_bbp_topic_count_hidden":0,"_bbp_reply_count_hidden":0,"_bbp_forum_subforum_count":0,"footnotes":""},"categories":[8,4],"tags":[67,69,103,130,133,16],"class_list":["post-5169","post","type-post","status-publish","format-standard","has-post-thumbnail","hentry","category-p4","category-portada","tag-biblioteca","tag-cambrils","tag-educacio-infantil","tag-lectura","tag-llibres","tag-sortides"],"post_mailing_queue_ids":[],"_links":{"self":[{"href":"https:\/\/agora.xtec.cat\/escjoanardevol\/wp-json\/wp\/v2\/posts\/5169","targetHints":{"allow":["GET"]}}],"collection":[{"href":"https:\/\/agora.xtec.cat\/escjoanardevol\/wp-json\/wp\/v2\/posts"}],"about":[{"href":"https:\/\/agora.xtec.cat\/escjoanardevol\/wp-json\/wp\/v2\/types\/post"}],"author":[{"embeddable":true,"href":"https:\/\/agora.xtec.cat\/escjoanardevol\/wp-json\/wp\/v2\/users\/1"}],"replies":[{"embeddable":true,"href":"https:\/\/agora.xtec.cat\/escjoanardevol\/wp-json\/wp\/v2\/comments?post=5169"}],"version-history":[{"count":1,"href":"https:\/\/agora.xtec.cat\/escjoanardevol\/wp-json\/wp\/v2\/posts\/5169\/revisions"}],"predecessor-version":[{"id":5171,"href":"https:\/\/agora.xtec.cat\/escjoanardevol\/wp-json\/wp\/v2\/posts\/5169\/revisions\/5171"}],"wp:featuredmedia":[{"embeddable":true,"href":"https:\/\/agora.xtec.cat\/escjoanardevol\/wp-json\/wp\/v2\/media\/5170"}],"wp:attachment":[{"href":"https:\/\/agora.xtec.cat\/escjoanardevol\/wp-json\/wp\/v2\/media?parent=5169"}],"wp:term":[{"taxonomy":"category","embeddable":true,"href":"https:\/\/agora.xtec.cat\/escjoanardevol\/wp-json\/wp\/v2\/categories?post=5169"},{"taxonomy":"post_tag","embeddable":true,"href":"https:\/\/agora.xtec.cat\/escjoanardevol\/wp-json\/wp\/v2\/tags?post=5169"}],"curies":[{"name":"wp","href":"https:\/\/api.w.org\/{rel}","templated":true}]}}