{"id":5160,"date":"2018-03-23T13:01:14","date_gmt":"2018-03-23T12:01:14","guid":{"rendered":"http:\/\/agora.xtec.cat\/escjoanardevol\/?p=5160"},"modified":"2018-03-23T16:29:00","modified_gmt":"2018-03-23T15:29:00","slug":"p5-visita-lajuntament","status":"publish","type":"post","link":"https:\/\/agora.xtec.cat\/escjoanardevol\/infantil\/p5-visita-lajuntament\/","title":{"rendered":"P5 i Cicle Inicial visiten l&#8217;ajuntament"},"content":{"rendered":"<p>El dijous dia 22 de mar\u00e7, els alumnes de Cicle Inicial i de P5 v\u00e0rem baixar a peu fins a l\u2019Ajuntament per tal de visitar l\u2019Alcaldia. All\u00e0 ens van rebre dos agents de la Policia Local que ens van acompanyar fins la Sala de Plens. Ens van acomodar i al cap d\u2019uns minuts v\u00e0rem rebre la visita de\u00a0l&#8217;alcadessa, la Cam\u00ed Mendoza. Ens va explicar l\u2019\u00fas de la Sala i despr\u00e9s vam passar al torn de preguntes. A trav\u00e9s de les seves respostes vam aclarir dubtes referents a la seva tasca pol\u00edtica. Un cop acabada la roda de preguntes, es va acomiadar de nosaltres i els agents de la Policia Local ens van fer una visita guiada per les diferents depend\u00e8ncies de l\u2019Ajuntament.<br \/>\nVa resultar una visita engrescadora on vam descobrir usos i espais d\u2019un dels serveis p\u00fablics de la nostra localitat.<\/p>\n<p><a href=\"https:\/\/photos.app.goo.gl\/j7ilhER8RVsBcv9D3\" target=\"_blank\" rel=\"noopener noreferrer\"><img loading=\"lazy\" decoding=\"async\" class=\"alignnone wp-image-5161 size-medium\" src=\"http:\/\/agora.xtec.cat\/escjoanardevol\/wp-content\/uploads\/usu550\/2018\/03\/IMG_4545-c\u00f2pia-300x225.jpg\" alt=\"\" width=\"300\" height=\"225\" srcset=\"https:\/\/agora.xtec.cat\/escjoanardevol\/wp-content\/uploads\/usu550\/2018\/03\/IMG_4545-c\u00f2pia-300x225.jpg 300w, https:\/\/agora.xtec.cat\/escjoanardevol\/wp-content\/uploads\/usu550\/2018\/03\/IMG_4545-c\u00f2pia-768x576.jpg 768w, https:\/\/agora.xtec.cat\/escjoanardevol\/wp-content\/uploads\/usu550\/2018\/03\/IMG_4545-c\u00f2pia-1024x768.jpg 1024w, https:\/\/agora.xtec.cat\/escjoanardevol\/wp-content\/uploads\/usu550\/2018\/03\/IMG_4545-c\u00f2pia-200x150.jpg 200w\" sizes=\"auto, (max-width: 300px) 100vw, 300px\" \/><\/a>\u00a0<a href=\"https:\/\/photos.app.goo.gl\/86dJduaeRUfhGAOG2\" target=\"_blank\" rel=\"noopener noreferrer\"><img loading=\"lazy\" decoding=\"async\" class=\"alignnone wp-image-5165 size-medium\" src=\"http:\/\/agora.xtec.cat\/escjoanardevol\/wp-content\/uploads\/usu550\/2018\/03\/IMG_0013-c\u00f2pia-300x225.jpg\" alt=\"\" width=\"300\" height=\"225\" srcset=\"https:\/\/agora.xtec.cat\/escjoanardevol\/wp-content\/uploads\/usu550\/2018\/03\/IMG_0013-c\u00f2pia-300x225.jpg 300w, https:\/\/agora.xtec.cat\/escjoanardevol\/wp-content\/uploads\/usu550\/2018\/03\/IMG_0013-c\u00f2pia-768x576.jpg 768w, https:\/\/agora.xtec.cat\/escjoanardevol\/wp-content\/uploads\/usu550\/2018\/03\/IMG_0013-c\u00f2pia-1024x768.jpg 1024w, https:\/\/agora.xtec.cat\/escjoanardevol\/wp-content\/uploads\/usu550\/2018\/03\/IMG_0013-c\u00f2pia-200x150.jpg 200w\" sizes=\"auto, (max-width: 300px) 100vw, 300px\" \/><\/a><\/p>\n","protected":false},"excerpt":{"rendered":"<p>El dijous dia 22 de mar\u00e7, els alumnes de Cicle Inicial i de P5 v\u00e0rem baixar a peu fins a l\u2019Ajuntament per tal de visitar l\u2019Alcaldia. All\u00e0 ens van rebre dos agents de la Policia Local que ens van acompanyar fins la Sala de Plens.&hellip;  <a href=\"https:\/\/agora.xtec.cat\/escjoanardevol\/infantil\/p5-visita-lajuntament\/\" title=\"Read P5 i Cicle Inicial visiten l&#8217;ajuntament\">Llegeix m\u00e9s\u00bb<\/a><\/p>\n","protected":false},"author":1,"featured_media":5161,"comment_status":"closed","ping_status":"closed","sticky":false,"template":"","format":"standard","meta":{"_bbp_topic_count":0,"_bbp_reply_count":0,"_bbp_total_topic_count":0,"_bbp_total_reply_count":0,"_bbp_voice_count":0,"_bbp_anonymous_reply_count":0,"_bbp_topic_count_hidden":0,"_bbp_reply_count_hidden":0,"_bbp_forum_subforum_count":0,"footnotes":""},"categories":[2,9,4],"tags":[59,69,103,16],"class_list":["post-5160","post","type-post","status-publish","format-standard","has-post-thumbnail","hentry","category-infantil","category-p5","category-portada","tag-activitats","tag-cambrils","tag-educacio-infantil","tag-sortides"],"post_mailing_queue_ids":[],"_links":{"self":[{"href":"https:\/\/agora.xtec.cat\/escjoanardevol\/wp-json\/wp\/v2\/posts\/5160","targetHints":{"allow":["GET"]}}],"collection":[{"href":"https:\/\/agora.xtec.cat\/escjoanardevol\/wp-json\/wp\/v2\/posts"}],"about":[{"href":"https:\/\/agora.xtec.cat\/escjoanardevol\/wp-json\/wp\/v2\/types\/post"}],"author":[{"embeddable":true,"href":"https:\/\/agora.xtec.cat\/escjoanardevol\/wp-json\/wp\/v2\/users\/1"}],"replies":[{"embeddable":true,"href":"https:\/\/agora.xtec.cat\/escjoanardevol\/wp-json\/wp\/v2\/comments?post=5160"}],"version-history":[{"count":3,"href":"https:\/\/agora.xtec.cat\/escjoanardevol\/wp-json\/wp\/v2\/posts\/5160\/revisions"}],"predecessor-version":[{"id":5167,"href":"https:\/\/agora.xtec.cat\/escjoanardevol\/wp-json\/wp\/v2\/posts\/5160\/revisions\/5167"}],"wp:featuredmedia":[{"embeddable":true,"href":"https:\/\/agora.xtec.cat\/escjoanardevol\/wp-json\/wp\/v2\/media\/5161"}],"wp:attachment":[{"href":"https:\/\/agora.xtec.cat\/escjoanardevol\/wp-json\/wp\/v2\/media?parent=5160"}],"wp:term":[{"taxonomy":"category","embeddable":true,"href":"https:\/\/agora.xtec.cat\/escjoanardevol\/wp-json\/wp\/v2\/categories?post=5160"},{"taxonomy":"post_tag","embeddable":true,"href":"https:\/\/agora.xtec.cat\/escjoanardevol\/wp-json\/wp\/v2\/tags?post=5160"}],"curies":[{"name":"wp","href":"https:\/\/api.w.org\/{rel}","templated":true}]}}