{"id":5152,"date":"2018-03-22T15:44:27","date_gmt":"2018-03-22T14:44:27","guid":{"rendered":"http:\/\/agora.xtec.cat\/escjoanardevol\/?p=5152"},"modified":"2018-03-21T18:23:28","modified_gmt":"2018-03-21T17:23:28","slug":"la-vida-escolar-a-laula-de-p3","status":"publish","type":"post","link":"https:\/\/agora.xtec.cat\/escjoanardevol\/infantil\/la-vida-escolar-a-laula-de-p3\/","title":{"rendered":"La vida escolar a l&#8217;aula de P3"},"content":{"rendered":"<p>Totes les activitats que fem a P3 parteixen de les nostres necessitats de JOC, MOVIMENT i COMUNICACI\u00d3. Aqu\u00ed us deixem unes fotos de situacions d&#8217;aprenentatge a l&#8217;aula i en els nostres tallers de Construcci\u00f3, Joc Simb\u00f2lic, Experimentaci\u00f3, Pl\u00e0stica i Psicomotricitat.<br \/>\nEstem aprenent i, el millor, estem\u00a0 fent grup i\u00a0creant nous vincles\u00a0en un ambient acollidor on sentim que tots tenim un lloc.<\/p>\n<p><a href=\"https:\/\/photos.app.goo.gl\/9FDMEW8tbXbPtCeJ3\" target=\"_blank\" rel=\"noopener noreferrer\"><img loading=\"lazy\" decoding=\"async\" class=\"alignnone wp-image-5153 size-medium\" src=\"http:\/\/agora.xtec.cat\/escjoanardevol\/wp-content\/uploads\/usu550\/2018\/03\/Img_7201-2-300x225.jpg\" alt=\"\" width=\"300\" height=\"225\" srcset=\"https:\/\/agora.xtec.cat\/escjoanardevol\/wp-content\/uploads\/usu550\/2018\/03\/Img_7201-2-300x225.jpg 300w, https:\/\/agora.xtec.cat\/escjoanardevol\/wp-content\/uploads\/usu550\/2018\/03\/Img_7201-2-768x576.jpg 768w, https:\/\/agora.xtec.cat\/escjoanardevol\/wp-content\/uploads\/usu550\/2018\/03\/Img_7201-2-1024x768.jpg 1024w, https:\/\/agora.xtec.cat\/escjoanardevol\/wp-content\/uploads\/usu550\/2018\/03\/Img_7201-2-200x150.jpg 200w\" sizes=\"auto, (max-width: 300px) 100vw, 300px\" \/><\/a><\/p>\n","protected":false},"excerpt":{"rendered":"<p>Totes les activitats que fem a P3 parteixen de les nostres necessitats de JOC, MOVIMENT i COMUNICACI\u00d3. Aqu\u00ed us deixem unes fotos de situacions d&#8217;aprenentatge a l&#8217;aula i en els nostres tallers de Construcci\u00f3, Joc Simb\u00f2lic, Experimentaci\u00f3, Pl\u00e0stica i Psicomotricitat.<br \/>\nEstem aprenent i, el millor, estem\u00a0&hellip;  <a href=\"https:\/\/agora.xtec.cat\/escjoanardevol\/infantil\/la-vida-escolar-a-laula-de-p3\/\" title=\"Read La vida escolar a l&#8217;aula de P3\">Llegeix m\u00e9s\u00bb<\/a><\/p>\n","protected":false},"author":1,"featured_media":5153,"comment_status":"closed","ping_status":"closed","sticky":false,"template":"","format":"standard","meta":{"_bbp_topic_count":0,"_bbp_reply_count":0,"_bbp_total_topic_count":0,"_bbp_total_reply_count":0,"_bbp_voice_count":0,"_bbp_anonymous_reply_count":0,"_bbp_topic_count_hidden":0,"_bbp_reply_count_hidden":0,"_bbp_forum_subforum_count":0,"footnotes":""},"categories":[2,3,4],"tags":[59,93,103,182,187],"class_list":["post-5152","post","type-post","status-publish","format-standard","has-post-thumbnail","hentry","category-infantil","category-p3","category-portada","tag-activitats","tag-convivencia","tag-educacio-infantil","tag-treball","tag-valors"],"post_mailing_queue_ids":[],"_links":{"self":[{"href":"https:\/\/agora.xtec.cat\/escjoanardevol\/wp-json\/wp\/v2\/posts\/5152","targetHints":{"allow":["GET"]}}],"collection":[{"href":"https:\/\/agora.xtec.cat\/escjoanardevol\/wp-json\/wp\/v2\/posts"}],"about":[{"href":"https:\/\/agora.xtec.cat\/escjoanardevol\/wp-json\/wp\/v2\/types\/post"}],"author":[{"embeddable":true,"href":"https:\/\/agora.xtec.cat\/escjoanardevol\/wp-json\/wp\/v2\/users\/1"}],"replies":[{"embeddable":true,"href":"https:\/\/agora.xtec.cat\/escjoanardevol\/wp-json\/wp\/v2\/comments?post=5152"}],"version-history":[{"count":2,"href":"https:\/\/agora.xtec.cat\/escjoanardevol\/wp-json\/wp\/v2\/posts\/5152\/revisions"}],"predecessor-version":[{"id":5155,"href":"https:\/\/agora.xtec.cat\/escjoanardevol\/wp-json\/wp\/v2\/posts\/5152\/revisions\/5155"}],"wp:featuredmedia":[{"embeddable":true,"href":"https:\/\/agora.xtec.cat\/escjoanardevol\/wp-json\/wp\/v2\/media\/5153"}],"wp:attachment":[{"href":"https:\/\/agora.xtec.cat\/escjoanardevol\/wp-json\/wp\/v2\/media?parent=5152"}],"wp:term":[{"taxonomy":"category","embeddable":true,"href":"https:\/\/agora.xtec.cat\/escjoanardevol\/wp-json\/wp\/v2\/categories?post=5152"},{"taxonomy":"post_tag","embeddable":true,"href":"https:\/\/agora.xtec.cat\/escjoanardevol\/wp-json\/wp\/v2\/tags?post=5152"}],"curies":[{"name":"wp","href":"https:\/\/api.w.org\/{rel}","templated":true}]}}