{"id":5147,"date":"2018-03-21T13:55:19","date_gmt":"2018-03-21T12:55:19","guid":{"rendered":"http:\/\/agora.xtec.cat\/escjoanardevol\/?p=5147"},"modified":"2018-03-21T13:55:19","modified_gmt":"2018-03-21T12:55:19","slug":"sortida-a-la-biblioteca","status":"publish","type":"post","link":"https:\/\/agora.xtec.cat\/escjoanardevol\/general\/sortida-a-la-biblioteca\/","title":{"rendered":"Sortida a la Biblioteca"},"content":{"rendered":"<p>Dijous 15 de mar\u00e7 els alumnes de 6\u00e8 vam realitzar una visita a la Biblioteca municipal. Les bibliotec\u00e0ries ens van explicar el funcionament de la biblioteca, com pod\u00edem accedir al cat\u00e0leg virtual, com trobar llibres adequats a la nostra edat&#8230;Tamb\u00e9 ens van deixar fer un tomb per la biblioteca.<\/p>\n<p>Va ser tan interessant que ens van venir ganes de fer-nos el carnet!!<\/p>\n<p>&nbsp;<\/p>\n<p><a href=\"http:\/\/agora.xtec.cat\/escjoanardevol\/wp-content\/uploads\/usu550\/2018\/03\/IMG_6515.jpeg\"><img loading=\"lazy\" decoding=\"async\" class=\"wp-image-5148 aligncenter\" src=\"http:\/\/agora.xtec.cat\/escjoanardevol\/wp-content\/uploads\/usu550\/2018\/03\/IMG_6515-1024x768.jpeg\" alt=\"\" width=\"468\" height=\"351\" srcset=\"https:\/\/agora.xtec.cat\/escjoanardevol\/wp-content\/uploads\/usu550\/2018\/03\/IMG_6515-1024x768.jpeg 1024w, https:\/\/agora.xtec.cat\/escjoanardevol\/wp-content\/uploads\/usu550\/2018\/03\/IMG_6515-300x225.jpeg 300w, https:\/\/agora.xtec.cat\/escjoanardevol\/wp-content\/uploads\/usu550\/2018\/03\/IMG_6515-768x576.jpeg 768w, https:\/\/agora.xtec.cat\/escjoanardevol\/wp-content\/uploads\/usu550\/2018\/03\/IMG_6515-200x150.jpeg 200w\" sizes=\"auto, (max-width: 468px) 100vw, 468px\" \/><\/a><\/p>\n<p><a href=\"https:\/\/photos.app.goo.gl\/sk6jW9MRkasSbaGI3\" target=\"_blank\" rel=\"noopener noreferrer\">Fotos<\/a><\/p>\n","protected":false},"excerpt":{"rendered":"<p>Dijous 15 de mar\u00e7 els alumnes de 6\u00e8 vam realitzar una visita a la Biblioteca municipal. Les bibliotec\u00e0ries ens van explicar el funcionament de la biblioteca, com pod\u00edem accedir al cat\u00e0leg virtual, com trobar llibres adequats a la nostra edat&#8230;Tamb\u00e9 ens van deixar fer un&hellip;  <a href=\"https:\/\/agora.xtec.cat\/escjoanardevol\/general\/sortida-a-la-biblioteca\/\" title=\"Read Sortida a la Biblioteca\">Llegeix m\u00e9s\u00bb<\/a><\/p>\n","protected":false},"author":33,"featured_media":5149,"comment_status":"closed","ping_status":"closed","sticky":false,"template":"","format":"standard","meta":{"_bbp_topic_count":0,"_bbp_reply_count":0,"_bbp_total_topic_count":0,"_bbp_total_reply_count":0,"_bbp_voice_count":0,"_bbp_anonymous_reply_count":0,"_bbp_topic_count_hidden":0,"_bbp_reply_count_hidden":0,"_bbp_forum_subforum_count":0,"footnotes":""},"categories":[15,1,4,5],"tags":[],"class_list":["post-5147","post","type-post","status-publish","format-standard","has-post-thumbnail","hentry","category-6e","category-general","category-portada","category-primaria"],"post_mailing_queue_ids":[],"_links":{"self":[{"href":"https:\/\/agora.xtec.cat\/escjoanardevol\/wp-json\/wp\/v2\/posts\/5147","targetHints":{"allow":["GET"]}}],"collection":[{"href":"https:\/\/agora.xtec.cat\/escjoanardevol\/wp-json\/wp\/v2\/posts"}],"about":[{"href":"https:\/\/agora.xtec.cat\/escjoanardevol\/wp-json\/wp\/v2\/types\/post"}],"author":[{"embeddable":true,"href":"https:\/\/agora.xtec.cat\/escjoanardevol\/wp-json\/wp\/v2\/users\/33"}],"replies":[{"embeddable":true,"href":"https:\/\/agora.xtec.cat\/escjoanardevol\/wp-json\/wp\/v2\/comments?post=5147"}],"version-history":[{"count":2,"href":"https:\/\/agora.xtec.cat\/escjoanardevol\/wp-json\/wp\/v2\/posts\/5147\/revisions"}],"predecessor-version":[{"id":5151,"href":"https:\/\/agora.xtec.cat\/escjoanardevol\/wp-json\/wp\/v2\/posts\/5147\/revisions\/5151"}],"wp:featuredmedia":[{"embeddable":true,"href":"https:\/\/agora.xtec.cat\/escjoanardevol\/wp-json\/wp\/v2\/media\/5149"}],"wp:attachment":[{"href":"https:\/\/agora.xtec.cat\/escjoanardevol\/wp-json\/wp\/v2\/media?parent=5147"}],"wp:term":[{"taxonomy":"category","embeddable":true,"href":"https:\/\/agora.xtec.cat\/escjoanardevol\/wp-json\/wp\/v2\/categories?post=5147"},{"taxonomy":"post_tag","embeddable":true,"href":"https:\/\/agora.xtec.cat\/escjoanardevol\/wp-json\/wp\/v2\/tags?post=5147"}],"curies":[{"name":"wp","href":"https:\/\/api.w.org\/{rel}","templated":true}]}}