{"id":5144,"date":"2018-03-19T16:40:45","date_gmt":"2018-03-19T15:40:45","guid":{"rendered":"http:\/\/agora.xtec.cat\/escjoanardevol\/?p=5144"},"modified":"2018-03-19T16:40:45","modified_gmt":"2018-03-19T15:40:45","slug":"artistes-a-les-aules-de-5e-nuri-marine","status":"publish","type":"post","link":"https:\/\/agora.xtec.cat\/escjoanardevol\/portada\/artistes-a-les-aules-de-5e-nuri-marine\/","title":{"rendered":"Artistes a les aules de 5\u00e8 &#8211; Nuri Marin\u00e9"},"content":{"rendered":"<p>Aquest curs els alumnes de cinqu\u00e8 participem en un projecte de sensibilitzaci\u00f3 art\u00edstica impulsat des de l&#8217;Ajuntament. El projecte\u00a0 consta de tres sessions cadascuna de les quals ser\u00e0 dirigida per un artista reconegut de la localitat.<br \/>\nEl dimarts 13 i el dimecres 14 de mar\u00e7 vam tenir la visita de la Nuri Marin\u00e9 amb la que vam treballar la creativitat a trav\u00e9s de pintar pedres. Un cop finalitzem les tres sessions, es far\u00e0 una exposici\u00f3 al Parc del Pescador on es podran veure les nostres obres<\/p>\n<p><a href=\"https:\/\/photos.app.goo.gl\/Zit5bwlmuGPIlJBp1\" target=\"_blank\" rel=\"noopener noreferrer\"><img loading=\"lazy\" decoding=\"async\" class=\"alignnone wp-image-5145 size-medium\" src=\"http:\/\/agora.xtec.cat\/escjoanardevol\/wp-content\/uploads\/usu550\/2018\/03\/Dscpdc_0001_burst20180314160340747_cover2-300x169.jpg\" alt=\"\" width=\"300\" height=\"169\" srcset=\"https:\/\/agora.xtec.cat\/escjoanardevol\/wp-content\/uploads\/usu550\/2018\/03\/Dscpdc_0001_burst20180314160340747_cover2-300x169.jpg 300w, https:\/\/agora.xtec.cat\/escjoanardevol\/wp-content\/uploads\/usu550\/2018\/03\/Dscpdc_0001_burst20180314160340747_cover2-768x432.jpg 768w, https:\/\/agora.xtec.cat\/escjoanardevol\/wp-content\/uploads\/usu550\/2018\/03\/Dscpdc_0001_burst20180314160340747_cover2-1024x576.jpg 1024w\" sizes=\"auto, (max-width: 300px) 100vw, 300px\" \/><\/a><\/p>\n","protected":false},"excerpt":{"rendered":"<p>Aquest curs els alumnes de cinqu\u00e8 participem en un projecte de sensibilitzaci\u00f3 art\u00edstica impulsat des de l&#8217;Ajuntament. El projecte\u00a0 consta de tres sessions cadascuna de les quals ser\u00e0 dirigida per un artista reconegut de la localitat.<br \/>\nEl dimarts 13 i el dimecres 14 de mar\u00e7 vam&hellip;  <a href=\"https:\/\/agora.xtec.cat\/escjoanardevol\/portada\/artistes-a-les-aules-de-5e-nuri-marine\/\" title=\"Read Artistes a les aules de 5\u00e8 &#8211; Nuri Marin\u00e9\">Llegeix m\u00e9s\u00bb<\/a><\/p>\n","protected":false},"author":1,"featured_media":5145,"comment_status":"closed","ping_status":"closed","sticky":false,"template":"","format":"standard","meta":{"_bbp_topic_count":0,"_bbp_reply_count":0,"_bbp_total_topic_count":0,"_bbp_total_reply_count":0,"_bbp_voice_count":0,"_bbp_anonymous_reply_count":0,"_bbp_topic_count_hidden":0,"_bbp_reply_count_hidden":0,"_bbp_forum_subforum_count":0,"footnotes":""},"categories":[14,4],"tags":[59,69,77,82,221],"class_list":["post-5144","post","type-post","status-publish","format-standard","has-post-thumbnail","hentry","category-5e","category-portada","tag-activitats","tag-cambrils","tag-cicle-superior-2","tag-cinque","tag-educacio-artistica"],"post_mailing_queue_ids":[],"_links":{"self":[{"href":"https:\/\/agora.xtec.cat\/escjoanardevol\/wp-json\/wp\/v2\/posts\/5144","targetHints":{"allow":["GET"]}}],"collection":[{"href":"https:\/\/agora.xtec.cat\/escjoanardevol\/wp-json\/wp\/v2\/posts"}],"about":[{"href":"https:\/\/agora.xtec.cat\/escjoanardevol\/wp-json\/wp\/v2\/types\/post"}],"author":[{"embeddable":true,"href":"https:\/\/agora.xtec.cat\/escjoanardevol\/wp-json\/wp\/v2\/users\/1"}],"replies":[{"embeddable":true,"href":"https:\/\/agora.xtec.cat\/escjoanardevol\/wp-json\/wp\/v2\/comments?post=5144"}],"version-history":[{"count":1,"href":"https:\/\/agora.xtec.cat\/escjoanardevol\/wp-json\/wp\/v2\/posts\/5144\/revisions"}],"predecessor-version":[{"id":5146,"href":"https:\/\/agora.xtec.cat\/escjoanardevol\/wp-json\/wp\/v2\/posts\/5144\/revisions\/5146"}],"wp:featuredmedia":[{"embeddable":true,"href":"https:\/\/agora.xtec.cat\/escjoanardevol\/wp-json\/wp\/v2\/media\/5145"}],"wp:attachment":[{"href":"https:\/\/agora.xtec.cat\/escjoanardevol\/wp-json\/wp\/v2\/media?parent=5144"}],"wp:term":[{"taxonomy":"category","embeddable":true,"href":"https:\/\/agora.xtec.cat\/escjoanardevol\/wp-json\/wp\/v2\/categories?post=5144"},{"taxonomy":"post_tag","embeddable":true,"href":"https:\/\/agora.xtec.cat\/escjoanardevol\/wp-json\/wp\/v2\/tags?post=5144"}],"curies":[{"name":"wp","href":"https:\/\/api.w.org\/{rel}","templated":true}]}}