{"id":514,"date":"2011-09-22T07:02:40","date_gmt":"2011-09-22T07:02:40","guid":{"rendered":"http:\/\/joanardevol.org\/info\/?p=514"},"modified":"2011-09-22T07:02:40","modified_gmt":"2011-09-22T07:02:40","slug":"ajuts-per-a-ladquisicio-de-llibres-de-text-i-material-didactic-per-al-curs-2011-2012","status":"publish","type":"post","link":"https:\/\/agora.xtec.cat\/escjoanardevol\/general\/ajuts-per-a-ladquisicio-de-llibres-de-text-i-material-didactic-per-al-curs-2011-2012\/","title":{"rendered":"AJUTS PER A L\u2019ADQUISICI\u00d3 DE LLIBRES DE TEXT I MATERIAL DID\u00c0CTIC PER AL CURS 2011-2012"},"content":{"rendered":"<p>S\u2019ha obert el termini per sol\u00b7licitar els ajuts per a l\u2019adquisici\u00f3 de llibres de text i material did\u00e0ctic per al curs 2011-2012 convocats pel Departament d\u2019Ensenyament.<\/p>\n<p>Cal lliurar a la secretaria del centre, l\u2019impr\u00e8s de sol\u00b7licitud que podeu trobar a:<strong> <\/strong><\/p>\n<ul>\n<li>La secci\u00f3 beques de la p\u00e0gina <a title=\"beques gencat 2011-2012\" href=\"http:\/\/www20.gencat.cat\/portal\/site\/ensenyament\" target=\"_blank\">www20.gencat.cat\/portal\/site\/ensenyament<\/a><\/li>\n<li>La secretaria de l\u2019escola.<\/li>\n<\/ul>\n<p>La data l\u00edmit per presentar la sol\u00b7licitud \u00e9s el <strong><span style=\"text-decoration: underline;\">30 de setembre de 2011<\/span><\/strong><\/p>\n<p>Va dirigit als alumnes de prim\u00e0ria matriculats al centre, que no hagin repetit curs i que compleixen els requisits econ\u00f2mics que marca la convocat\u00f2ria que podeu trobar a la p\u00e0gina del Departament d\u2019Ensenyament<\/p>\n<p><img loading=\"lazy\" decoding=\"async\" class=\"alignnone\" title=\"llibres\" src=\"http:\/\/www.doctorferrer.net\/sites\/default\/files\/imagecache\/mitjana\/llibres.jpg\" alt=\"\" width=\"219\" height=\"160\" \/><\/p>\n<p><strong>Documentaci\u00f3 que cal adjuntar<\/strong>:<\/p>\n<ul>\n<li>Fotoc\u00f2pia del <strong>NIF<\/strong> o NIE (el Passaport no serveix) <strong>de la persona sol\u00b7licitant i de tots els membres computables de<\/strong> <strong>la unitat familiar<\/strong> <strong>majors de 14 anys<\/strong>.(Presentar totes les fotoc\u00f2pies en el mateix full).<\/li>\n<\/ul>\n<ul>\n<li><strong>Fotoc\u00f2pia de la TSI <\/strong>(targeta sanit\u00e0ria individual)<strong> de la persona sol\u00b7licitant. <\/strong>(Si no se\u2019n disposa el Departament d\u2019Educaci\u00f3 consultar\u00e0 el codi CIP de la targeta sanit\u00e0ria individual al CatSalut.)<\/li>\n<\/ul>\n<ul>\n<li><strong>Document de l\u2019entitat banc\u00e0ria, amb les dades identificatives del compte en qu\u00e8 es vol percebre la beca. Hi ha de constar el n\u00famero de compte del client (CCC), amb els noms dels titulars i cotitulars on figuri, obligat\u00f2riament, la persona sol\u00b7licitant de l\u2019ajut. <\/strong><\/li>\n<\/ul>\n<ul>\n<li>Si s\u2019escau, documentaci\u00f3 que acrediti que la persona sol\u00b7licitant pertany a una <strong>fam\u00edlia nombrosa<\/strong> o <strong>monoparental.<\/strong><\/li>\n<\/ul>\n<ul>\n<li>La presentaci\u00f3 de la sol\u00b7licitud de la beca implica l\u2019autoritzaci\u00f3 al Departament d\u2019Educaci\u00f3 per obtenir les dades necess\u00e0ries per determinar la renda a efectes de beca a trav\u00e9s e les administracions tribut\u00e0ries corresponents, i les despeses corresponents a la targeta sanit\u00e0ria individual mitjan\u00e7ant el CatSalut.<\/li>\n<\/ul>\n<p><a href=\"http:\/\/joanardevol.org\/info\/wp-content\/uploads\/2011\/09\/beques1.gif\"><img loading=\"lazy\" decoding=\"async\" class=\"alignnone size-full wp-image-521\" title=\"beques\" src=\"http:\/\/joanardevol.org\/info\/wp-content\/uploads\/2011\/09\/beques1.gif\" alt=\"\" width=\"342\" height=\"136\" \/><\/a><\/p>\n","protected":false},"excerpt":{"rendered":"<p>S\u2019ha obert el termini per sol\u00b7licitar els ajuts per a l\u2019adquisici\u00f3 de llibres de text i material did\u00e0ctic per al curs 2011-2012 convocats pel Departament d\u2019Ensenyament.<br \/>\nCal lliurar a la secretaria del centre, l\u2019impr\u00e8s de sol\u00b7licitud que podeu trobar a: <\/p>\n<ul>\n<li>La secci\u00f3 beques de la p\u00e0gina&hellip;  <a href=\"https:\/\/agora.xtec.cat\/escjoanardevol\/general\/ajuts-per-a-ladquisicio-de-llibres-de-text-i-material-didactic-per-al-curs-2011-2012\/\" title=\"Read AJUTS PER A L\u2019ADQUISICI\u00d3 DE LLIBRES DE TEXT I MATERIAL DID\u00c0CTIC PER AL CURS 2011-2012\">Llegeix m\u00e9s\u00bb<\/a><br \/>\n","protected":false},"author":1,"featured_media":0,"comment_status":"open","ping_status":"open","sticky":false,"template":"","format":"standard","meta":{"_bbp_topic_count":0,"_bbp_reply_count":0,"_bbp_total_topic_count":0,"_bbp_total_reply_count":0,"_bbp_voice_count":0,"_bbp_anonymous_reply_count":0,"_bbp_topic_count_hidden":0,"_bbp_reply_count_hidden":0,"_bbp_forum_subforum_count":0,"footnotes":""},"categories":[1],"tags":[61,66],"class_list":["post-514","post","type-post","status-publish","format-standard","hentry","category-general","tag-ajuts","tag-beques"],"post_mailing_queue_ids":[],"_links":{"self":[{"href":"https:\/\/agora.xtec.cat\/escjoanardevol\/wp-json\/wp\/v2\/posts\/514","targetHints":{"allow":["GET"]}}],"collection":[{"href":"https:\/\/agora.xtec.cat\/escjoanardevol\/wp-json\/wp\/v2\/posts"}],"about":[{"href":"https:\/\/agora.xtec.cat\/escjoanardevol\/wp-json\/wp\/v2\/types\/post"}],"author":[{"embeddable":true,"href":"https:\/\/agora.xtec.cat\/escjoanardevol\/wp-json\/wp\/v2\/users\/1"}],"replies":[{"embeddable":true,"href":"https:\/\/agora.xtec.cat\/escjoanardevol\/wp-json\/wp\/v2\/comments?post=514"}],"version-history":[{"count":0,"href":"https:\/\/agora.xtec.cat\/escjoanardevol\/wp-json\/wp\/v2\/posts\/514\/revisions"}],"wp:attachment":[{"href":"https:\/\/agora.xtec.cat\/escjoanardevol\/wp-json\/wp\/v2\/media?parent=514"}],"wp:term":[{"taxonomy":"category","embeddable":true,"href":"https:\/\/agora.xtec.cat\/escjoanardevol\/wp-json\/wp\/v2\/categories?post=514"},{"taxonomy":"post_tag","embeddable":true,"href":"https:\/\/agora.xtec.cat\/escjoanardevol\/wp-json\/wp\/v2\/tags?post=514"}],"curies":[{"name":"wp","href":"https:\/\/api.w.org\/{rel}","templated":true}]}}