{"id":5105,"date":"2018-02-27T17:50:14","date_gmt":"2018-02-27T16:50:14","guid":{"rendered":"http:\/\/agora.xtec.cat\/escjoanardevol\/?p=5105"},"modified":"2018-02-27T17:50:14","modified_gmt":"2018-02-27T16:50:14","slug":"grups-interactius-a-p3","status":"publish","type":"post","link":"https:\/\/agora.xtec.cat\/escjoanardevol\/general\/grups-interactius-a-p3\/","title":{"rendered":"Grups interactius a P3"},"content":{"rendered":"<p>A P3 hem fet el primer dia de grups interactius. Hem jugat a jocs de taula, hem apr\u00e9s a fer s\u00e8ries, hem compartit experi\u00e8ncies amb les fam\u00edlies i hem gaudit molt tots plegats.<\/p>\n<p>Trobareu m\u00e9s informaci\u00f3 sobre el projecte de <a href=\"http:\/\/agora.xtec.cat\/escjoanardevol\/projectes\/grups-interactius\/\" target=\"_blank\" rel=\"noopener noreferrer\">grups interactius <\/a>al seg\u00fcent <a href=\"http:\/\/agora.xtec.cat\/escjoanardevol\/projectes\/grups-interactius\/\" target=\"_blank\" rel=\"noopener noreferrer\">enlla\u00e7<\/a>.<\/p>\n<p><a href=\"https:\/\/photos.app.goo.gl\/2yLccbg9Rz7OwqUG3\" target=\"_blank\" rel=\"noopener noreferrer\"><img loading=\"lazy\" decoding=\"async\" class=\"alignnone wp-image-5110 size-medium\" src=\"http:\/\/agora.xtec.cat\/escjoanardevol\/wp-content\/uploads\/usu550\/2018\/02\/IMG_7097-c\u00f2pia-300x225.jpg\" alt=\"\" width=\"300\" height=\"225\" srcset=\"https:\/\/agora.xtec.cat\/escjoanardevol\/wp-content\/uploads\/usu550\/2018\/02\/IMG_7097-c\u00f2pia-300x225.jpg 300w, https:\/\/agora.xtec.cat\/escjoanardevol\/wp-content\/uploads\/usu550\/2018\/02\/IMG_7097-c\u00f2pia-768x576.jpg 768w, https:\/\/agora.xtec.cat\/escjoanardevol\/wp-content\/uploads\/usu550\/2018\/02\/IMG_7097-c\u00f2pia-1024x768.jpg 1024w, https:\/\/agora.xtec.cat\/escjoanardevol\/wp-content\/uploads\/usu550\/2018\/02\/IMG_7097-c\u00f2pia-200x150.jpg 200w\" sizes=\"auto, (max-width: 300px) 100vw, 300px\" \/><\/a><\/p>\n","protected":false},"excerpt":{"rendered":"<p>A P3 hem fet el primer dia de grups interactius. Hem jugat a jocs de taula, hem apr\u00e9s a fer s\u00e8ries, hem compartit experi\u00e8ncies amb les fam\u00edlies i hem gaudit molt tots plegats.<br \/>\nTrobareu m\u00e9s informaci\u00f3 sobre el projecte de <a href=\"http:\/\/agora.xtec.cat\/escjoanardevol\/projectes\/grups-interactius\/\" target=\"_blank\" rel=\"noopener noreferrer\">grups interactius&hellip;  <a href=\"https:\/\/agora.xtec.cat\/escjoanardevol\/general\/grups-interactius-a-p3\/\" title=\"Read Grups interactius a P3\">Llegeix m\u00e9s\u00bb<\/a><\/p>\n","protected":false},"author":1,"featured_media":5110,"comment_status":"closed","ping_status":"closed","sticky":false,"template":"","format":"standard","meta":{"_bbp_topic_count":0,"_bbp_reply_count":0,"_bbp_total_topic_count":0,"_bbp_total_reply_count":0,"_bbp_voice_count":0,"_bbp_anonymous_reply_count":0,"_bbp_topic_count_hidden":0,"_bbp_reply_count_hidden":0,"_bbp_forum_subforum_count":0,"footnotes":""},"categories":[1,3,4],"tags":[59,93,94,103,128,182],"class_list":["post-5105","post","type-post","status-publish","format-standard","has-post-thumbnail","hentry","category-general","category-p3","category-portada","tag-activitats","tag-convivencia","tag-cooperacio","tag-educacio-infantil","tag-jornades","tag-treball"],"post_mailing_queue_ids":[],"_links":{"self":[{"href":"https:\/\/agora.xtec.cat\/escjoanardevol\/wp-json\/wp\/v2\/posts\/5105","targetHints":{"allow":["GET"]}}],"collection":[{"href":"https:\/\/agora.xtec.cat\/escjoanardevol\/wp-json\/wp\/v2\/posts"}],"about":[{"href":"https:\/\/agora.xtec.cat\/escjoanardevol\/wp-json\/wp\/v2\/types\/post"}],"author":[{"embeddable":true,"href":"https:\/\/agora.xtec.cat\/escjoanardevol\/wp-json\/wp\/v2\/users\/1"}],"replies":[{"embeddable":true,"href":"https:\/\/agora.xtec.cat\/escjoanardevol\/wp-json\/wp\/v2\/comments?post=5105"}],"version-history":[{"count":2,"href":"https:\/\/agora.xtec.cat\/escjoanardevol\/wp-json\/wp\/v2\/posts\/5105\/revisions"}],"predecessor-version":[{"id":5111,"href":"https:\/\/agora.xtec.cat\/escjoanardevol\/wp-json\/wp\/v2\/posts\/5105\/revisions\/5111"}],"wp:featuredmedia":[{"embeddable":true,"href":"https:\/\/agora.xtec.cat\/escjoanardevol\/wp-json\/wp\/v2\/media\/5110"}],"wp:attachment":[{"href":"https:\/\/agora.xtec.cat\/escjoanardevol\/wp-json\/wp\/v2\/media?parent=5105"}],"wp:term":[{"taxonomy":"category","embeddable":true,"href":"https:\/\/agora.xtec.cat\/escjoanardevol\/wp-json\/wp\/v2\/categories?post=5105"},{"taxonomy":"post_tag","embeddable":true,"href":"https:\/\/agora.xtec.cat\/escjoanardevol\/wp-json\/wp\/v2\/tags?post=5105"}],"curies":[{"name":"wp","href":"https:\/\/api.w.org\/{rel}","templated":true}]}}