{"id":5101,"date":"2018-02-22T18:22:14","date_gmt":"2018-02-22T17:22:14","guid":{"rendered":"http:\/\/agora.xtec.cat\/escjoanardevol\/?p=5101"},"modified":"2018-02-22T18:22:14","modified_gmt":"2018-02-22T17:22:14","slug":"p5-visita-el-port-de-cambrils","status":"publish","type":"post","link":"https:\/\/agora.xtec.cat\/escjoanardevol\/portada\/p5-visita-el-port-de-cambrils\/","title":{"rendered":"P5 visita el port de Cambrils"},"content":{"rendered":"<p>L&#8217;alumnat de P5 vam fer una sortida al port de Cambrils. Vam veure diferents tipus de vaixells i vam fer una activitat relacionada amb l&#8217;ofici dels pescadors.<br \/>\nTamb\u00e9 vam fer un joc relacionat amb els sentits i a trav\u00e9s del tacte vam endevinar quina sorra tenim a les nostres platges. Ens va agradar molt i ens ho vam passar molt b\u00e9.<\/p>\n<figure class=\"figure wp-caption alignnone\"><a href=\"https:\/\/photos.app.goo.gl\/XGHTOjnB6lRQFVbk2\" target=\"_blank\" rel=\"noopener noreferrer\"><img loading=\"lazy\" decoding=\"async\" class=\"wp-image-5102 size-medium\" src=\"http:\/\/agora.xtec.cat\/escjoanardevol\/wp-content\/uploads\/usu550\/2018\/02\/P2190099-300x225.jpg\" alt=\"\" width=\"300\" height=\"225\" srcset=\"https:\/\/agora.xtec.cat\/escjoanardevol\/wp-content\/uploads\/usu550\/2018\/02\/P2190099-300x225.jpg 300w, https:\/\/agora.xtec.cat\/escjoanardevol\/wp-content\/uploads\/usu550\/2018\/02\/P2190099-768x576.jpg 768w, https:\/\/agora.xtec.cat\/escjoanardevol\/wp-content\/uploads\/usu550\/2018\/02\/P2190099-1024x768.jpg 1024w, https:\/\/agora.xtec.cat\/escjoanardevol\/wp-content\/uploads\/usu550\/2018\/02\/P2190099-200x150.jpg 200w\" sizes=\"auto, (max-width: 300px) 100vw, 300px\" \/><\/a><figcaption class=\"wp-caption-text\">OLYMPUS DIGITAL CAMERA<\/figcaption><\/figure>\n","protected":false},"excerpt":{"rendered":"<p>L&#8217;alumnat de P5 vam fer una sortida al port de Cambrils. Vam veure diferents tipus de vaixells i vam fer una activitat relacionada amb l&#8217;ofici dels pescadors.<br \/>\nTamb\u00e9 vam fer un joc relacionat amb els sentits i a trav\u00e9s del tacte vam endevinar quina sorra tenim&hellip;  <a href=\"https:\/\/agora.xtec.cat\/escjoanardevol\/portada\/p5-visita-el-port-de-cambrils\/\" title=\"Read P5 visita el port de Cambrils\">Llegeix m\u00e9s\u00bb<\/a><\/p>\n","protected":false},"author":1,"featured_media":5102,"comment_status":"closed","ping_status":"closed","sticky":false,"template":"","format":"standard","meta":{"_bbp_topic_count":0,"_bbp_reply_count":0,"_bbp_total_topic_count":0,"_bbp_total_reply_count":0,"_bbp_voice_count":0,"_bbp_anonymous_reply_count":0,"_bbp_topic_count_hidden":0,"_bbp_reply_count_hidden":0,"_bbp_forum_subforum_count":0,"footnotes":""},"categories":[9,4],"tags":[59,80,103,140,16],"class_list":["post-5101","post","type-post","status-publish","format-standard","has-post-thumbnail","hentry","category-p5","category-portada","tag-activitats","tag-ciencies","tag-educacio-infantil","tag-medi","tag-sortides"],"post_mailing_queue_ids":[],"_links":{"self":[{"href":"https:\/\/agora.xtec.cat\/escjoanardevol\/wp-json\/wp\/v2\/posts\/5101","targetHints":{"allow":["GET"]}}],"collection":[{"href":"https:\/\/agora.xtec.cat\/escjoanardevol\/wp-json\/wp\/v2\/posts"}],"about":[{"href":"https:\/\/agora.xtec.cat\/escjoanardevol\/wp-json\/wp\/v2\/types\/post"}],"author":[{"embeddable":true,"href":"https:\/\/agora.xtec.cat\/escjoanardevol\/wp-json\/wp\/v2\/users\/1"}],"replies":[{"embeddable":true,"href":"https:\/\/agora.xtec.cat\/escjoanardevol\/wp-json\/wp\/v2\/comments?post=5101"}],"version-history":[{"count":1,"href":"https:\/\/agora.xtec.cat\/escjoanardevol\/wp-json\/wp\/v2\/posts\/5101\/revisions"}],"predecessor-version":[{"id":5103,"href":"https:\/\/agora.xtec.cat\/escjoanardevol\/wp-json\/wp\/v2\/posts\/5101\/revisions\/5103"}],"wp:featuredmedia":[{"embeddable":true,"href":"https:\/\/agora.xtec.cat\/escjoanardevol\/wp-json\/wp\/v2\/media\/5102"}],"wp:attachment":[{"href":"https:\/\/agora.xtec.cat\/escjoanardevol\/wp-json\/wp\/v2\/media?parent=5101"}],"wp:term":[{"taxonomy":"category","embeddable":true,"href":"https:\/\/agora.xtec.cat\/escjoanardevol\/wp-json\/wp\/v2\/categories?post=5101"},{"taxonomy":"post_tag","embeddable":true,"href":"https:\/\/agora.xtec.cat\/escjoanardevol\/wp-json\/wp\/v2\/tags?post=5101"}],"curies":[{"name":"wp","href":"https:\/\/api.w.org\/{rel}","templated":true}]}}