{"id":5097,"date":"2018-02-22T08:48:41","date_gmt":"2018-02-22T07:48:41","guid":{"rendered":"http:\/\/agora.xtec.cat\/escjoanardevol\/?p=5097"},"modified":"2018-02-22T08:48:58","modified_gmt":"2018-02-22T07:48:58","slug":"cicle-inicial-al-teatre","status":"publish","type":"post","link":"https:\/\/agora.xtec.cat\/escjoanardevol\/portada\/cicle-inicial-al-teatre\/","title":{"rendered":"Cicle Inicial al Teatre Bartrina de Reus"},"content":{"rendered":"<p>El dimecres dia 21 de febrer, els alumnes de cicle inicial ens vam despla\u00e7ar fins a la ciutat de Reus per tal de veure una obra de teatre al Bartrina que t\u00e9 per t\u00edtol \u201cEl nen que venia d\u2019un altre planeta\u201d. \u00c9s una obra inspirada en la novel\u00b7la \u201cEl petit pr\u00edncep\u201d d\u2019Antoine de Saint-Exup\u00e9ry. El protagonista ens mostra la import\u00e0ncia de valorar els aspectes de la vida m\u00e9s espirituals i deixar de banda tot all\u00f2 que sigui material.<\/p>\n<p>Donant-li\u00a0 un gran valor a l\u2019amistat, el personatge principal ens ensenya que les coses que ens poden omplir no tenen forma ni color; que les petites coses de la vida s\u00f3n les que donen sentit i valor a la nostra exist\u00e8ncia.<\/p>\n<p>En sortir del teatre, ens vam dirigir a la pla\u00e7a Mercadal per tal d\u2019esmorzar i tenir una estona d\u2019esbarjo. Despr\u00e9s vam pujar a l\u2019autocar i vam fer el nostre viatge de tornada a l\u2019escola. El proper curs volem repetir!<\/p>\n<p><a href=\"https:\/\/photos.app.goo.gl\/50UXBkMP5MXhFZU33\" target=\"_blank\" rel=\"noopener noreferrer\"><img loading=\"lazy\" decoding=\"async\" class=\"alignnone wp-image-5098 size-medium\" src=\"http:\/\/agora.xtec.cat\/escjoanardevol\/wp-content\/uploads\/usu550\/2018\/02\/IMG_0037-c\u00f2pia-300x225.jpg\" alt=\"\" width=\"300\" height=\"225\" srcset=\"https:\/\/agora.xtec.cat\/escjoanardevol\/wp-content\/uploads\/usu550\/2018\/02\/IMG_0037-c\u00f2pia-300x225.jpg 300w, https:\/\/agora.xtec.cat\/escjoanardevol\/wp-content\/uploads\/usu550\/2018\/02\/IMG_0037-c\u00f2pia-768x576.jpg 768w, https:\/\/agora.xtec.cat\/escjoanardevol\/wp-content\/uploads\/usu550\/2018\/02\/IMG_0037-c\u00f2pia-1024x768.jpg 1024w, https:\/\/agora.xtec.cat\/escjoanardevol\/wp-content\/uploads\/usu550\/2018\/02\/IMG_0037-c\u00f2pia-200x150.jpg 200w\" sizes=\"auto, (max-width: 300px) 100vw, 300px\" \/><\/a><\/p>\n","protected":false},"excerpt":{"rendered":"<p>El dimecres dia 21 de febrer, els alumnes de cicle inicial ens vam despla\u00e7ar fins a la ciutat de Reus per tal de veure una obra de teatre al Bartrina que t\u00e9 per t\u00edtol \u201cEl nen que venia d\u2019un altre planeta\u201d. \u00c9s una obra inspirada&hellip;  <a href=\"https:\/\/agora.xtec.cat\/escjoanardevol\/portada\/cicle-inicial-al-teatre\/\" title=\"Read Cicle Inicial al Teatre Bartrina de Reus\">Llegeix m\u00e9s\u00bb<\/a><\/p>\n","protected":false},"author":1,"featured_media":5098,"comment_status":"closed","ping_status":"closed","sticky":false,"template":"","format":"standard","meta":{"_bbp_topic_count":0,"_bbp_reply_count":0,"_bbp_total_topic_count":0,"_bbp_total_reply_count":0,"_bbp_voice_count":0,"_bbp_anonymous_reply_count":0,"_bbp_topic_count_hidden":0,"_bbp_reply_count_hidden":0,"_bbp_forum_subforum_count":0,"footnotes":""},"categories":[10,11,4],"tags":[],"class_list":["post-5097","post","type-post","status-publish","format-standard","has-post-thumbnail","hentry","category-1r","category-2n","category-portada"],"post_mailing_queue_ids":[],"_links":{"self":[{"href":"https:\/\/agora.xtec.cat\/escjoanardevol\/wp-json\/wp\/v2\/posts\/5097","targetHints":{"allow":["GET"]}}],"collection":[{"href":"https:\/\/agora.xtec.cat\/escjoanardevol\/wp-json\/wp\/v2\/posts"}],"about":[{"href":"https:\/\/agora.xtec.cat\/escjoanardevol\/wp-json\/wp\/v2\/types\/post"}],"author":[{"embeddable":true,"href":"https:\/\/agora.xtec.cat\/escjoanardevol\/wp-json\/wp\/v2\/users\/1"}],"replies":[{"embeddable":true,"href":"https:\/\/agora.xtec.cat\/escjoanardevol\/wp-json\/wp\/v2\/comments?post=5097"}],"version-history":[{"count":2,"href":"https:\/\/agora.xtec.cat\/escjoanardevol\/wp-json\/wp\/v2\/posts\/5097\/revisions"}],"predecessor-version":[{"id":5100,"href":"https:\/\/agora.xtec.cat\/escjoanardevol\/wp-json\/wp\/v2\/posts\/5097\/revisions\/5100"}],"wp:featuredmedia":[{"embeddable":true,"href":"https:\/\/agora.xtec.cat\/escjoanardevol\/wp-json\/wp\/v2\/media\/5098"}],"wp:attachment":[{"href":"https:\/\/agora.xtec.cat\/escjoanardevol\/wp-json\/wp\/v2\/media?parent=5097"}],"wp:term":[{"taxonomy":"category","embeddable":true,"href":"https:\/\/agora.xtec.cat\/escjoanardevol\/wp-json\/wp\/v2\/categories?post=5097"},{"taxonomy":"post_tag","embeddable":true,"href":"https:\/\/agora.xtec.cat\/escjoanardevol\/wp-json\/wp\/v2\/tags?post=5097"}],"curies":[{"name":"wp","href":"https:\/\/api.w.org\/{rel}","templated":true}]}}