{"id":5094,"date":"2018-02-20T13:42:06","date_gmt":"2018-02-20T12:42:06","guid":{"rendered":"http:\/\/agora.xtec.cat\/escjoanardevol\/?p=5094"},"modified":"2018-03-15T13:15:35","modified_gmt":"2018-03-15T12:15:35","slug":"auka-la-granota-amzonica","status":"publish","type":"post","link":"https:\/\/agora.xtec.cat\/escjoanardevol\/portada\/auka-la-granota-amzonica\/","title":{"rendered":"Auka, la granota amaz\u00f2nica"},"content":{"rendered":"<p>El passat divendres dia 16 de febrer, vam rebre la visita de dues noies que formen part d\u2019una associaci\u00f3 que es dedica a la conservaci\u00f3 de la natura.<\/p>\n<p>A partir d\u2019un conte que t\u00e9 com a localitzaci\u00f3 el riu Amazones i com a protagonista una granota, es va tractar el tema de la contaminaci\u00f3 de les aig\u00fces i de la necessitat de ser conscients de les accions que els \u00e9ssers humans fem i de l\u2019impacte que t\u00e9 al medi ambient.<\/p>\n<p>En finalitzar l\u2019activitat, ens van obsequiar amb uns exemplars del conte explicat i amb un dibuix de l\u2019Auka, la protagonista del conte.<\/p>\n<p><a href=\"https:\/\/photos.app.goo.gl\/Cj99WfHoSYc5mp5m1\" target=\"_blank\" rel=\"noopener noreferrer\"><img loading=\"lazy\" decoding=\"async\" class=\"alignnone wp-image-5095 size-medium\" src=\"http:\/\/agora.xtec.cat\/escjoanardevol\/wp-content\/uploads\/usu550\/2018\/02\/IMG_0008-c\u00f2pia-300x225.jpg\" alt=\"\" width=\"300\" height=\"225\" srcset=\"https:\/\/agora.xtec.cat\/escjoanardevol\/wp-content\/uploads\/usu550\/2018\/02\/IMG_0008-c\u00f2pia-300x225.jpg 300w, https:\/\/agora.xtec.cat\/escjoanardevol\/wp-content\/uploads\/usu550\/2018\/02\/IMG_0008-c\u00f2pia-768x576.jpg 768w, https:\/\/agora.xtec.cat\/escjoanardevol\/wp-content\/uploads\/usu550\/2018\/02\/IMG_0008-c\u00f2pia-1024x768.jpg 1024w, https:\/\/agora.xtec.cat\/escjoanardevol\/wp-content\/uploads\/usu550\/2018\/02\/IMG_0008-c\u00f2pia-200x150.jpg 200w\" sizes=\"auto, (max-width: 300px) 100vw, 300px\" \/><\/a><\/p>\n","protected":false},"excerpt":{"rendered":"<p>El passat divendres dia 16 de febrer, vam rebre la visita de dues noies que formen part d\u2019una associaci\u00f3 que es dedica a la conservaci\u00f3 de la natura.<br \/>\nA partir d\u2019un conte que t\u00e9 com a localitzaci\u00f3 el riu Amazones i com a protagonista una granota,&hellip;  <a href=\"https:\/\/agora.xtec.cat\/escjoanardevol\/portada\/auka-la-granota-amzonica\/\" title=\"Read Auka, la granota amaz\u00f2nica\">Llegeix m\u00e9s\u00bb<\/a><\/p>\n","protected":false},"author":1,"featured_media":5095,"comment_status":"closed","ping_status":"closed","sticky":false,"template":"","format":"standard","meta":{"_bbp_topic_count":0,"_bbp_reply_count":0,"_bbp_total_topic_count":0,"_bbp_total_reply_count":0,"_bbp_voice_count":0,"_bbp_anonymous_reply_count":0,"_bbp_topic_count_hidden":0,"_bbp_reply_count_hidden":0,"_bbp_forum_subforum_count":0,"footnotes":""},"categories":[10,11,4],"tags":[],"class_list":["post-5094","post","type-post","status-publish","format-standard","has-post-thumbnail","hentry","category-1r","category-2n","category-portada"],"post_mailing_queue_ids":[],"_links":{"self":[{"href":"https:\/\/agora.xtec.cat\/escjoanardevol\/wp-json\/wp\/v2\/posts\/5094","targetHints":{"allow":["GET"]}}],"collection":[{"href":"https:\/\/agora.xtec.cat\/escjoanardevol\/wp-json\/wp\/v2\/posts"}],"about":[{"href":"https:\/\/agora.xtec.cat\/escjoanardevol\/wp-json\/wp\/v2\/types\/post"}],"author":[{"embeddable":true,"href":"https:\/\/agora.xtec.cat\/escjoanardevol\/wp-json\/wp\/v2\/users\/1"}],"replies":[{"embeddable":true,"href":"https:\/\/agora.xtec.cat\/escjoanardevol\/wp-json\/wp\/v2\/comments?post=5094"}],"version-history":[{"count":2,"href":"https:\/\/agora.xtec.cat\/escjoanardevol\/wp-json\/wp\/v2\/posts\/5094\/revisions"}],"predecessor-version":[{"id":5130,"href":"https:\/\/agora.xtec.cat\/escjoanardevol\/wp-json\/wp\/v2\/posts\/5094\/revisions\/5130"}],"wp:featuredmedia":[{"embeddable":true,"href":"https:\/\/agora.xtec.cat\/escjoanardevol\/wp-json\/wp\/v2\/media\/5095"}],"wp:attachment":[{"href":"https:\/\/agora.xtec.cat\/escjoanardevol\/wp-json\/wp\/v2\/media?parent=5094"}],"wp:term":[{"taxonomy":"category","embeddable":true,"href":"https:\/\/agora.xtec.cat\/escjoanardevol\/wp-json\/wp\/v2\/categories?post=5094"},{"taxonomy":"post_tag","embeddable":true,"href":"https:\/\/agora.xtec.cat\/escjoanardevol\/wp-json\/wp\/v2\/tags?post=5094"}],"curies":[{"name":"wp","href":"https:\/\/api.w.org\/{rel}","templated":true}]}}