{"id":5083,"date":"2018-02-19T22:52:24","date_gmt":"2018-02-19T21:52:24","guid":{"rendered":"http:\/\/agora.xtec.cat\/escjoanardevol\/?p=5083"},"modified":"2018-02-19T22:52:24","modified_gmt":"2018-02-19T21:52:24","slug":"5e-a-vallbona-de-les-monges","status":"publish","type":"post","link":"https:\/\/agora.xtec.cat\/escjoanardevol\/portada\/5e-a-vallbona-de-les-monges\/","title":{"rendered":"5\u00e8 a Vallbona de les Monges"},"content":{"rendered":"<p>El 14 de febrer de 2018 els alumnes de 5\u00e8 vam anar d&#8217;excursi\u00f3 a Vallbona de les Monges. All\u00ed vam visitar el monestir cistercenc de monges i vam dur a terme un conjunt d&#8217;activitats que ens van servir per completar el nostre aprenentatge relacionat amb l&#8217;\u00e8poca medieval, com es vivia, l&#8217;arquitectura i costums.<\/p>\n<p>Vam veure la tomba de la reina Violant d&#8217;Hongria, esposa del rei Jaume primer i tamb\u00e9 d&#8217;altres tombes de cavallers i abadesses. L&#8217;arquitectura del monestir \u00e9s una barreja dels estils rom\u00e0nic i g\u00f2tic, amb arcades de mig punt i apuntades. El claustre \u00e9s especialment bonic.<\/p>\n<p>Despr\u00e9s, vam dinar al parc del poble i vam jugar una bona estona. Va ser una sortida en qu\u00e8 vam combinar molts aprenentatges i molt de joc, molt divertida!<\/p>\n<p><a href=\"https:\/\/photos.app.goo.gl\/qta66Q1TIRosKP1J3\" target=\"_blank\" rel=\"noopener noreferrer\"><img loading=\"lazy\" decoding=\"async\" class=\"alignnone wp-image-5084 size-medium\" src=\"http:\/\/agora.xtec.cat\/escjoanardevol\/wp-content\/uploads\/usu550\/2018\/02\/DSC_0525-300x169.jpg\" alt=\"\" width=\"300\" height=\"169\" srcset=\"https:\/\/agora.xtec.cat\/escjoanardevol\/wp-content\/uploads\/usu550\/2018\/02\/DSC_0525-300x169.jpg 300w, https:\/\/agora.xtec.cat\/escjoanardevol\/wp-content\/uploads\/usu550\/2018\/02\/DSC_0525-768x432.jpg 768w, https:\/\/agora.xtec.cat\/escjoanardevol\/wp-content\/uploads\/usu550\/2018\/02\/DSC_0525-1024x576.jpg 1024w, https:\/\/agora.xtec.cat\/escjoanardevol\/wp-content\/uploads\/usu550\/2018\/02\/DSC_0525.jpg 1627w\" sizes=\"auto, (max-width: 300px) 100vw, 300px\" \/><\/a><\/p>\n","protected":false},"excerpt":{"rendered":"<p>El 14 de febrer de 2018 els alumnes de 5\u00e8 vam anar d&#8217;excursi\u00f3 a Vallbona de les Monges. All\u00ed vam visitar el monestir cistercenc de monges i vam dur a terme un conjunt d&#8217;activitats que ens van servir per completar el nostre aprenentatge relacionat amb&hellip;  <a href=\"https:\/\/agora.xtec.cat\/escjoanardevol\/portada\/5e-a-vallbona-de-les-monges\/\" title=\"Read 5\u00e8 a Vallbona de les Monges\">Llegeix m\u00e9s\u00bb<\/a><\/p>\n","protected":false},"author":1,"featured_media":5084,"comment_status":"closed","ping_status":"closed","sticky":false,"template":"","format":"standard","meta":{"_bbp_topic_count":0,"_bbp_reply_count":0,"_bbp_total_topic_count":0,"_bbp_total_reply_count":0,"_bbp_voice_count":0,"_bbp_anonymous_reply_count":0,"_bbp_topic_count_hidden":0,"_bbp_reply_count_hidden":0,"_bbp_forum_subforum_count":0,"footnotes":""},"categories":[14,4],"tags":[59,77,93,140,16],"class_list":["post-5083","post","type-post","status-publish","format-standard","has-post-thumbnail","hentry","category-5e","category-portada","tag-activitats","tag-cicle-superior-2","tag-convivencia","tag-medi","tag-sortides"],"post_mailing_queue_ids":[],"_links":{"self":[{"href":"https:\/\/agora.xtec.cat\/escjoanardevol\/wp-json\/wp\/v2\/posts\/5083","targetHints":{"allow":["GET"]}}],"collection":[{"href":"https:\/\/agora.xtec.cat\/escjoanardevol\/wp-json\/wp\/v2\/posts"}],"about":[{"href":"https:\/\/agora.xtec.cat\/escjoanardevol\/wp-json\/wp\/v2\/types\/post"}],"author":[{"embeddable":true,"href":"https:\/\/agora.xtec.cat\/escjoanardevol\/wp-json\/wp\/v2\/users\/1"}],"replies":[{"embeddable":true,"href":"https:\/\/agora.xtec.cat\/escjoanardevol\/wp-json\/wp\/v2\/comments?post=5083"}],"version-history":[{"count":1,"href":"https:\/\/agora.xtec.cat\/escjoanardevol\/wp-json\/wp\/v2\/posts\/5083\/revisions"}],"predecessor-version":[{"id":5085,"href":"https:\/\/agora.xtec.cat\/escjoanardevol\/wp-json\/wp\/v2\/posts\/5083\/revisions\/5085"}],"wp:featuredmedia":[{"embeddable":true,"href":"https:\/\/agora.xtec.cat\/escjoanardevol\/wp-json\/wp\/v2\/media\/5084"}],"wp:attachment":[{"href":"https:\/\/agora.xtec.cat\/escjoanardevol\/wp-json\/wp\/v2\/media?parent=5083"}],"wp:term":[{"taxonomy":"category","embeddable":true,"href":"https:\/\/agora.xtec.cat\/escjoanardevol\/wp-json\/wp\/v2\/categories?post=5083"},{"taxonomy":"post_tag","embeddable":true,"href":"https:\/\/agora.xtec.cat\/escjoanardevol\/wp-json\/wp\/v2\/tags?post=5083"}],"curies":[{"name":"wp","href":"https:\/\/api.w.org\/{rel}","templated":true}]}}