{"id":5070,"date":"2018-02-14T17:21:08","date_gmt":"2018-02-14T16:21:08","guid":{"rendered":"http:\/\/agora.xtec.cat\/escjoanardevol\/?p=5070"},"modified":"2018-02-14T17:22:08","modified_gmt":"2018-02-14T16:22:08","slug":"toquem-els-romans","status":"publish","type":"post","link":"https:\/\/agora.xtec.cat\/escjoanardevol\/general\/toquem-els-romans\/","title":{"rendered":"Toquem els romans"},"content":{"rendered":"<p>Les nenes i nens de quart hem visitat el Recinte arqueol\u00f2gic de la Llosa i el Museu Mol\u00ed de les Tres Eres. Hem apr\u00e8s les funcions de les vil.les en l&#8217;\u00e8poca romana i hem descobert el m\u00f3n rom\u00e0 a trav\u00e9s dels objectes localitzats en aquest lloc. Hem fet una bonica sortida amb trenet pel municipi i hem apr\u00e8s molt!<\/p>\n<p><a href=\"https:\/\/photos.app.goo.gl\/Ov46bo0mpClGTe7F2\" target=\"_blank\" rel=\"noopener noreferrer\"><img loading=\"lazy\" decoding=\"async\" class=\"alignnone wp-image-5071\" src=\"http:\/\/agora.xtec.cat\/escjoanardevol\/wp-content\/uploads\/usu550\/2018\/02\/IMG_6324.jpg\" alt=\"\" width=\"300\" height=\"225\" srcset=\"https:\/\/agora.xtec.cat\/escjoanardevol\/wp-content\/uploads\/usu550\/2018\/02\/IMG_6324.jpg 2816w, https:\/\/agora.xtec.cat\/escjoanardevol\/wp-content\/uploads\/usu550\/2018\/02\/IMG_6324-300x225.jpg 300w, https:\/\/agora.xtec.cat\/escjoanardevol\/wp-content\/uploads\/usu550\/2018\/02\/IMG_6324-768x576.jpg 768w, https:\/\/agora.xtec.cat\/escjoanardevol\/wp-content\/uploads\/usu550\/2018\/02\/IMG_6324-1024x768.jpg 1024w, https:\/\/agora.xtec.cat\/escjoanardevol\/wp-content\/uploads\/usu550\/2018\/02\/IMG_6324-200x150.jpg 200w\" sizes=\"auto, (max-width: 300px) 100vw, 300px\" \/><\/a><\/p>\n","protected":false},"excerpt":{"rendered":"<p>Les nenes i nens de quart hem visitat el Recinte arqueol\u00f2gic de la Llosa i el Museu Mol\u00ed de les Tres Eres. Hem apr\u00e8s les funcions de les vil.les en l&#8217;\u00e8poca romana i hem descobert el m\u00f3n rom\u00e0 a trav\u00e9s dels objectes localitzats en aquest&hellip;  <a href=\"https:\/\/agora.xtec.cat\/escjoanardevol\/general\/toquem-els-romans\/\" title=\"Read Toquem els romans\">Llegeix m\u00e9s\u00bb<\/a><\/p>\n","protected":false},"author":1,"featured_media":5071,"comment_status":"closed","ping_status":"closed","sticky":false,"template":"","format":"standard","meta":{"_bbp_topic_count":0,"_bbp_reply_count":0,"_bbp_total_topic_count":0,"_bbp_total_reply_count":0,"_bbp_voice_count":0,"_bbp_anonymous_reply_count":0,"_bbp_topic_count_hidden":0,"_bbp_reply_count_hidden":0,"_bbp_forum_subforum_count":0,"footnotes":""},"categories":[14,1,4],"tags":[59,77,82,93,16],"class_list":["post-5070","post","type-post","status-publish","format-standard","has-post-thumbnail","hentry","category-5e","category-general","category-portada","tag-activitats","tag-cicle-superior-2","tag-cinque","tag-convivencia","tag-sortides"],"post_mailing_queue_ids":[],"_links":{"self":[{"href":"https:\/\/agora.xtec.cat\/escjoanardevol\/wp-json\/wp\/v2\/posts\/5070","targetHints":{"allow":["GET"]}}],"collection":[{"href":"https:\/\/agora.xtec.cat\/escjoanardevol\/wp-json\/wp\/v2\/posts"}],"about":[{"href":"https:\/\/agora.xtec.cat\/escjoanardevol\/wp-json\/wp\/v2\/types\/post"}],"author":[{"embeddable":true,"href":"https:\/\/agora.xtec.cat\/escjoanardevol\/wp-json\/wp\/v2\/users\/1"}],"replies":[{"embeddable":true,"href":"https:\/\/agora.xtec.cat\/escjoanardevol\/wp-json\/wp\/v2\/comments?post=5070"}],"version-history":[{"count":1,"href":"https:\/\/agora.xtec.cat\/escjoanardevol\/wp-json\/wp\/v2\/posts\/5070\/revisions"}],"predecessor-version":[{"id":5072,"href":"https:\/\/agora.xtec.cat\/escjoanardevol\/wp-json\/wp\/v2\/posts\/5070\/revisions\/5072"}],"wp:featuredmedia":[{"embeddable":true,"href":"https:\/\/agora.xtec.cat\/escjoanardevol\/wp-json\/wp\/v2\/media\/5071"}],"wp:attachment":[{"href":"https:\/\/agora.xtec.cat\/escjoanardevol\/wp-json\/wp\/v2\/media?parent=5070"}],"wp:term":[{"taxonomy":"category","embeddable":true,"href":"https:\/\/agora.xtec.cat\/escjoanardevol\/wp-json\/wp\/v2\/categories?post=5070"},{"taxonomy":"post_tag","embeddable":true,"href":"https:\/\/agora.xtec.cat\/escjoanardevol\/wp-json\/wp\/v2\/tags?post=5070"}],"curies":[{"name":"wp","href":"https:\/\/api.w.org\/{rel}","templated":true}]}}