{"id":507,"date":"2011-08-01T09:47:54","date_gmt":"2011-08-01T09:47:54","guid":{"rendered":"http:\/\/joanardevol.org\/info\/?p=507"},"modified":"2011-08-01T09:47:54","modified_gmt":"2011-08-01T09:47:54","slug":"vacances-destiu","status":"publish","type":"post","link":"https:\/\/agora.xtec.cat\/escjoanardevol\/general\/vacances-destiu\/","title":{"rendered":"Vacances d&#8217;estiu"},"content":{"rendered":"<p>Ja han arribat les vacances!<\/p>\n<p>Estem treballant per millorar l&#8217;escola.<\/p>\n<p>El proper 1 de setembre tornar\u00e0 l&#8217;activitat a l&#8217;escola per\u00f2 les classes no comen\u00e7aran fins el <span style=\"text-decoration: underline;\"><strong>12 de setembre<\/strong><\/span>.<\/p>\n<p><img loading=\"lazy\" decoding=\"async\" class=\"aligncenter\" title=\"estiu\" src=\"http:\/\/1.bp.blogspot.com\/-f62ZT4rwdLk\/TgiS_RNZQBI\/AAAAAAAAAFU\/VWxW7Z_Jm_o\/s1600\/summer_sun.gif\" alt=\"\" width=\"200\" height=\"200\" \/><\/p>\n","protected":false},"excerpt":{"rendered":"<p>Ja han arribat les vacances!<br \/>\nEstem treballant per millorar l&#8217;escola.<br \/>\nEl proper 1 de setembre tornar\u00e0 l&#8217;activitat a l&#8217;escola per\u00f2 les classes no comen\u00e7aran fins el 12 de setembre.<\/p>\n","protected":false},"author":1,"featured_media":0,"comment_status":"open","ping_status":"open","sticky":false,"template":"","format":"standard","meta":{"_bbp_topic_count":0,"_bbp_reply_count":0,"_bbp_total_topic_count":0,"_bbp_total_reply_count":0,"_bbp_voice_count":0,"_bbp_anonymous_reply_count":0,"_bbp_topic_count_hidden":0,"_bbp_reply_count_hidden":0,"_bbp_forum_subforum_count":0,"footnotes":""},"categories":[1],"tags":[111,186],"class_list":["post-507","post","type-post","status-publish","format-standard","hentry","category-general","tag-estiu","tag-vacances"],"post_mailing_queue_ids":[],"_links":{"self":[{"href":"https:\/\/agora.xtec.cat\/escjoanardevol\/wp-json\/wp\/v2\/posts\/507","targetHints":{"allow":["GET"]}}],"collection":[{"href":"https:\/\/agora.xtec.cat\/escjoanardevol\/wp-json\/wp\/v2\/posts"}],"about":[{"href":"https:\/\/agora.xtec.cat\/escjoanardevol\/wp-json\/wp\/v2\/types\/post"}],"author":[{"embeddable":true,"href":"https:\/\/agora.xtec.cat\/escjoanardevol\/wp-json\/wp\/v2\/users\/1"}],"replies":[{"embeddable":true,"href":"https:\/\/agora.xtec.cat\/escjoanardevol\/wp-json\/wp\/v2\/comments?post=507"}],"version-history":[{"count":0,"href":"https:\/\/agora.xtec.cat\/escjoanardevol\/wp-json\/wp\/v2\/posts\/507\/revisions"}],"wp:attachment":[{"href":"https:\/\/agora.xtec.cat\/escjoanardevol\/wp-json\/wp\/v2\/media?parent=507"}],"wp:term":[{"taxonomy":"category","embeddable":true,"href":"https:\/\/agora.xtec.cat\/escjoanardevol\/wp-json\/wp\/v2\/categories?post=507"},{"taxonomy":"post_tag","embeddable":true,"href":"https:\/\/agora.xtec.cat\/escjoanardevol\/wp-json\/wp\/v2\/tags?post=507"}],"curies":[{"name":"wp","href":"https:\/\/api.w.org\/{rel}","templated":true}]}}