{"id":505,"date":"2011-06-09T11:27:44","date_gmt":"2011-06-09T11:27:44","guid":{"rendered":"http:\/\/joanardevol.org\/infantil\/?p=257"},"modified":"2011-06-09T11:27:44","modified_gmt":"2011-06-09T11:27:44","slug":"dexcursio-al-zoo","status":"publish","type":"post","link":"https:\/\/agora.xtec.cat\/escjoanardevol\/general\/dexcursio-al-zoo\/","title":{"rendered":"D\u2019excursi\u00f3 al ZOO!"},"content":{"rendered":"<p>Dimarts 31 de maig els nens i nenes d\u2019Educaci\u00f3 Infantil vam anar al Zoo de Valls.<\/p>\n<p>Vam veure oques, serps, cabres, paons, cavalls, entre d\u2019altres\u2026 Ah! i fins i tot, un porc anomenat Paco.<\/p>\n<p>Els monitors ens van deixar tocar alguns animals i donar-los-hi menjar!<\/p>\n<p>En acabar, vam dinar tots junts i despr\u00e9s alguns nens i nenes van poder preparar el menjar per als \u00e0necs!<\/p>\n<p><a title=\"IMG_8229\" href=\"http:\/\/joanardevol.org\/infantil\/?attachment_id=261\"><img loading=\"lazy\" decoding=\"async\" class=\"attachment-thumbnail\" title=\"IMG_8229\" src=\"http:\/\/joanardevol.org\/infantil\/wp-content\/uploads\/2011\/06\/IMG_82291-150x150.jpg\" alt=\"IMG_8229\" width=\"150\" height=\"150\" \/><\/a> <a title=\"IMG_8253\" href=\"http:\/\/joanardevol.org\/infantil\/?attachment_id=262\"><img loading=\"lazy\" decoding=\"async\" class=\"attachment-thumbnail\" title=\"IMG_8253\" src=\"http:\/\/joanardevol.org\/infantil\/wp-content\/uploads\/2011\/06\/IMG_8253-150x150.jpg\" alt=\"IMG_8253\" width=\"150\" height=\"150\" \/><\/a> <a title=\"IMG_8980\" href=\"http:\/\/joanardevol.org\/infantil\/?attachment_id=278\"><img loading=\"lazy\" decoding=\"async\" class=\"attachment-thumbnail\" title=\"IMG_8980\" src=\"http:\/\/joanardevol.org\/infantil\/wp-content\/uploads\/2011\/06\/IMG_8980-150x150.jpg\" alt=\"IMG_8980\" width=\"150\" height=\"150\" \/><\/a><\/p>\n<p><a title=\"OLYMPUS DIGITAL CAMERA\" href=\"http:\/\/joanardevol.org\/infantil\/?attachment_id=279\"><img loading=\"lazy\" decoding=\"async\" class=\"attachment-thumbnail\" title=\"OLYMPUS DIGITAL CAMERA\" src=\"http:\/\/joanardevol.org\/infantil\/wp-content\/uploads\/2011\/06\/P5310075-150x150.jpg\" alt=\"OLYMPUS DIGITAL CAMERA\" width=\"150\" height=\"150\" \/><\/a> <a title=\"IMG_0120\" href=\"http:\/\/joanardevol.org\/infantil\/?attachment_id=290\"><img loading=\"lazy\" decoding=\"async\" class=\"attachment-thumbnail\" title=\"IMG_0120\" src=\"http:\/\/joanardevol.org\/infantil\/wp-content\/uploads\/2011\/06\/IMG_0120-150x150.jpg\" alt=\"IMG_0120\" width=\"150\" height=\"150\" \/><\/a> <a title=\"IMG_0160\" href=\"http:\/\/joanardevol.org\/infantil\/?attachment_id=291\"><img loading=\"lazy\" decoding=\"async\" class=\"attachment-thumbnail\" title=\"IMG_0160\" src=\"http:\/\/joanardevol.org\/infantil\/wp-content\/uploads\/2011\/06\/IMG_0160-150x150.jpg\" alt=\"IMG_0160\" width=\"150\" height=\"150\" \/><\/a><\/p>\n<p>Ens ho vam passar d\u2019all\u00f2 m\u00e9s b\u00e9 amb tants animalons!<\/p>\n","protected":false},"excerpt":{"rendered":"<p>Dimarts 31 de maig els nens i nenes d&#8217;Educaci\u00f3 Infantil vam anar al Zoo de Valls. Vam veure oques, serps, cabres, paons, cavalls, entre d&#8217;altres&#8230; Ah! i fins i tot, un porc anomenat Paco. Els monitors ens van deixar tocar &#8230; <a href=\"http:\/\/joanardevol.org\/infantil\/?p=257\">Continua llegint <span>&#8594;<\/span><\/a>&hellip;  <a href=\"https:\/\/agora.xtec.cat\/escjoanardevol\/general\/dexcursio-al-zoo\/\" title=\"Read D\u2019excursi\u00f3 al ZOO!\">Llegeix m\u00e9s\u00bb<\/a><\/p>\n","protected":false},"author":1,"featured_media":0,"comment_status":"open","ping_status":"closed","sticky":false,"template":"","format":"standard","meta":{"_bbp_topic_count":0,"_bbp_reply_count":0,"_bbp_total_topic_count":0,"_bbp_total_reply_count":0,"_bbp_voice_count":0,"_bbp_anonymous_reply_count":0,"_bbp_topic_count_hidden":0,"_bbp_reply_count_hidden":0,"_bbp_forum_subforum_count":0,"footnotes":""},"categories":[1,2],"tags":[],"class_list":["post-505","post","type-post","status-publish","format-standard","hentry","category-general","category-infantil"],"post_mailing_queue_ids":[],"_links":{"self":[{"href":"https:\/\/agora.xtec.cat\/escjoanardevol\/wp-json\/wp\/v2\/posts\/505","targetHints":{"allow":["GET"]}}],"collection":[{"href":"https:\/\/agora.xtec.cat\/escjoanardevol\/wp-json\/wp\/v2\/posts"}],"about":[{"href":"https:\/\/agora.xtec.cat\/escjoanardevol\/wp-json\/wp\/v2\/types\/post"}],"author":[{"embeddable":true,"href":"https:\/\/agora.xtec.cat\/escjoanardevol\/wp-json\/wp\/v2\/users\/1"}],"replies":[{"embeddable":true,"href":"https:\/\/agora.xtec.cat\/escjoanardevol\/wp-json\/wp\/v2\/comments?post=505"}],"version-history":[{"count":0,"href":"https:\/\/agora.xtec.cat\/escjoanardevol\/wp-json\/wp\/v2\/posts\/505\/revisions"}],"wp:attachment":[{"href":"https:\/\/agora.xtec.cat\/escjoanardevol\/wp-json\/wp\/v2\/media?parent=505"}],"wp:term":[{"taxonomy":"category","embeddable":true,"href":"https:\/\/agora.xtec.cat\/escjoanardevol\/wp-json\/wp\/v2\/categories?post=505"},{"taxonomy":"post_tag","embeddable":true,"href":"https:\/\/agora.xtec.cat\/escjoanardevol\/wp-json\/wp\/v2\/tags?post=505"}],"curies":[{"name":"wp","href":"https:\/\/api.w.org\/{rel}","templated":true}]}}