{"id":5048,"date":"2018-02-01T16:21:24","date_gmt":"2018-02-01T15:21:24","guid":{"rendered":"http:\/\/agora.xtec.cat\/escjoanardevol\/?p=5048"},"modified":"2018-02-01T16:21:24","modified_gmt":"2018-02-01T15:21:24","slug":"agents-rurals-a-cicle-inicial","status":"publish","type":"post","link":"https:\/\/agora.xtec.cat\/escjoanardevol\/portada\/agents-rurals-a-cicle-inicial\/","title":{"rendered":"Agents rurals a cicle inicial"},"content":{"rendered":"<p>El divendres dia 26 de gener els alumnes de cicle inicial varem rebre la visita de dos agents rurals. Amb el suport d\u2019una presentaci\u00f3 en diapositives, ens van anar explicant diferents aspectes de la seva professi\u00f3 tals com: la <strong>prevenci\u00f3 dels incendis forestals<\/strong>, la <strong>protecci\u00f3 de la ca\u00e7a d\u2019animals<\/strong> en perill d\u2019extinci\u00f3 i la <strong>protecci\u00f3 dels espais naturals<\/strong> i la biodiversitat entre d\u2019altres.<br \/>\nDespr\u00e9s van parlar de la necessitat de tenir cura de les nostres mascotes i de l\u2019obligatorietat de posar-los un xip identificatiu.<br \/>\nPer acabar, van deixar un espai per a precs i preguntes.<br \/>\nEls agra\u00efm la seva visita i la seva aportaci\u00f3 a la conservaci\u00f3 dels espais naturals.<\/p>\n<p><a href=\"https:\/\/photos.app.goo.gl\/q4YPxKcH3s9Sw13B3\" target=\"_blank\" rel=\"noopener noreferrer\"><img loading=\"lazy\" decoding=\"async\" class=\"alignnone wp-image-5049\" src=\"http:\/\/agora.xtec.cat\/escjoanardevol\/wp-content\/uploads\/usu550\/2018\/02\/IMG_0020-c\u00f2pia.jpg\" alt=\"\" width=\"500\" height=\"375\" srcset=\"https:\/\/agora.xtec.cat\/escjoanardevol\/wp-content\/uploads\/usu550\/2018\/02\/IMG_0020-c\u00f2pia.jpg 2576w, https:\/\/agora.xtec.cat\/escjoanardevol\/wp-content\/uploads\/usu550\/2018\/02\/IMG_0020-c\u00f2pia-300x225.jpg 300w, https:\/\/agora.xtec.cat\/escjoanardevol\/wp-content\/uploads\/usu550\/2018\/02\/IMG_0020-c\u00f2pia-768x576.jpg 768w, https:\/\/agora.xtec.cat\/escjoanardevol\/wp-content\/uploads\/usu550\/2018\/02\/IMG_0020-c\u00f2pia-1024x768.jpg 1024w, https:\/\/agora.xtec.cat\/escjoanardevol\/wp-content\/uploads\/usu550\/2018\/02\/IMG_0020-c\u00f2pia-200x150.jpg 200w\" sizes=\"auto, (max-width: 500px) 100vw, 500px\" \/><\/a><\/p>\n","protected":false},"excerpt":{"rendered":"<p>El divendres dia 26 de gener els alumnes de cicle inicial varem rebre la visita de dos agents rurals. Amb el suport d\u2019una presentaci\u00f3 en diapositives, ens van anar explicant diferents aspectes de la seva professi\u00f3 tals com: la prevenci\u00f3 dels incendis forestals, la protecci\u00f3&hellip;  <a href=\"https:\/\/agora.xtec.cat\/escjoanardevol\/portada\/agents-rurals-a-cicle-inicial\/\" title=\"Read Agents rurals a cicle inicial\">Llegeix m\u00e9s\u00bb<\/a><\/p>\n","protected":false},"author":1,"featured_media":5049,"comment_status":"closed","ping_status":"closed","sticky":false,"template":"","format":"standard","meta":{"_bbp_topic_count":0,"_bbp_reply_count":0,"_bbp_total_topic_count":0,"_bbp_total_reply_count":0,"_bbp_voice_count":0,"_bbp_anonymous_reply_count":0,"_bbp_topic_count_hidden":0,"_bbp_reply_count_hidden":0,"_bbp_forum_subforum_count":0,"footnotes":""},"categories":[10,11,4],"tags":[59,75,94,108,140,187],"class_list":["post-5048","post","type-post","status-publish","format-standard","has-post-thumbnail","hentry","category-1r","category-2n","category-portada","tag-activitats","tag-cicle-inicial","tag-cooperacio","tag-escola-verda","tag-medi","tag-valors"],"post_mailing_queue_ids":[],"_links":{"self":[{"href":"https:\/\/agora.xtec.cat\/escjoanardevol\/wp-json\/wp\/v2\/posts\/5048","targetHints":{"allow":["GET"]}}],"collection":[{"href":"https:\/\/agora.xtec.cat\/escjoanardevol\/wp-json\/wp\/v2\/posts"}],"about":[{"href":"https:\/\/agora.xtec.cat\/escjoanardevol\/wp-json\/wp\/v2\/types\/post"}],"author":[{"embeddable":true,"href":"https:\/\/agora.xtec.cat\/escjoanardevol\/wp-json\/wp\/v2\/users\/1"}],"replies":[{"embeddable":true,"href":"https:\/\/agora.xtec.cat\/escjoanardevol\/wp-json\/wp\/v2\/comments?post=5048"}],"version-history":[{"count":1,"href":"https:\/\/agora.xtec.cat\/escjoanardevol\/wp-json\/wp\/v2\/posts\/5048\/revisions"}],"predecessor-version":[{"id":5050,"href":"https:\/\/agora.xtec.cat\/escjoanardevol\/wp-json\/wp\/v2\/posts\/5048\/revisions\/5050"}],"wp:featuredmedia":[{"embeddable":true,"href":"https:\/\/agora.xtec.cat\/escjoanardevol\/wp-json\/wp\/v2\/media\/5049"}],"wp:attachment":[{"href":"https:\/\/agora.xtec.cat\/escjoanardevol\/wp-json\/wp\/v2\/media?parent=5048"}],"wp:term":[{"taxonomy":"category","embeddable":true,"href":"https:\/\/agora.xtec.cat\/escjoanardevol\/wp-json\/wp\/v2\/categories?post=5048"},{"taxonomy":"post_tag","embeddable":true,"href":"https:\/\/agora.xtec.cat\/escjoanardevol\/wp-json\/wp\/v2\/tags?post=5048"}],"curies":[{"name":"wp","href":"https:\/\/api.w.org\/{rel}","templated":true}]}}