{"id":499,"date":"2011-06-07T07:40:44","date_gmt":"2011-06-07T07:40:44","guid":{"rendered":"http:\/\/joanardevol.org\/info\/?p=499"},"modified":"2011-06-07T07:40:44","modified_gmt":"2011-06-07T07:40:44","slug":"matriculacio-alumnes-p3-curs-2011-2012","status":"publish","type":"post","link":"https:\/\/agora.xtec.cat\/escjoanardevol\/general\/matriculacio-alumnes-p3-curs-2011-2012\/","title":{"rendered":"Matriculaci\u00f3 alumnes P3 curs 2011-2012"},"content":{"rendered":"<h2>Us recordem que cal formalitzar la matr\u00edcula dels nous alumnes de P3 per al curs 2011-2012<br \/>\nEl per\u00edode per emplenar la documentaci\u00f3 a secretaria \u00e9s entre el <span style=\"text-decoration: underline;\"><strong>6 i el 10 de juny<\/strong><\/span>.<\/h2>\n","protected":false},"excerpt":{"rendered":"<p>Us recordem que cal formalitzar la matr\u00edcula dels nous alumnes de P3 per al curs 2011-2012<br \/>\nEl per\u00edode per emplenar la documentaci\u00f3 a secretaria \u00e9s entre el 6 i el 10 de juny.<\/p>\n","protected":false},"author":1,"featured_media":0,"comment_status":"open","ping_status":"open","sticky":false,"template":"","format":"standard","meta":{"_bbp_topic_count":0,"_bbp_reply_count":0,"_bbp_total_topic_count":0,"_bbp_total_reply_count":0,"_bbp_voice_count":0,"_bbp_anonymous_reply_count":0,"_bbp_topic_count_hidden":0,"_bbp_reply_count_hidden":0,"_bbp_forum_subforum_count":0,"footnotes":""},"categories":[1,2],"tags":[139,158],"class_list":["post-499","post","type-post","status-publish","format-standard","hentry","category-general","category-infantil","tag-matricula","tag-preinscripcio"],"post_mailing_queue_ids":[],"_links":{"self":[{"href":"https:\/\/agora.xtec.cat\/escjoanardevol\/wp-json\/wp\/v2\/posts\/499","targetHints":{"allow":["GET"]}}],"collection":[{"href":"https:\/\/agora.xtec.cat\/escjoanardevol\/wp-json\/wp\/v2\/posts"}],"about":[{"href":"https:\/\/agora.xtec.cat\/escjoanardevol\/wp-json\/wp\/v2\/types\/post"}],"author":[{"embeddable":true,"href":"https:\/\/agora.xtec.cat\/escjoanardevol\/wp-json\/wp\/v2\/users\/1"}],"replies":[{"embeddable":true,"href":"https:\/\/agora.xtec.cat\/escjoanardevol\/wp-json\/wp\/v2\/comments?post=499"}],"version-history":[{"count":0,"href":"https:\/\/agora.xtec.cat\/escjoanardevol\/wp-json\/wp\/v2\/posts\/499\/revisions"}],"wp:attachment":[{"href":"https:\/\/agora.xtec.cat\/escjoanardevol\/wp-json\/wp\/v2\/media?parent=499"}],"wp:term":[{"taxonomy":"category","embeddable":true,"href":"https:\/\/agora.xtec.cat\/escjoanardevol\/wp-json\/wp\/v2\/categories?post=499"},{"taxonomy":"post_tag","embeddable":true,"href":"https:\/\/agora.xtec.cat\/escjoanardevol\/wp-json\/wp\/v2\/tags?post=499"}],"curies":[{"name":"wp","href":"https:\/\/api.w.org\/{rel}","templated":true}]}}