{"id":4986,"date":"2017-12-20T23:46:22","date_gmt":"2017-12-20T22:46:22","guid":{"rendered":"http:\/\/agora.xtec.cat\/escjoanardevol\/?p=4986"},"modified":"2017-12-20T12:50:53","modified_gmt":"2017-12-20T11:50:53","slug":"xii-concurs-de-pessebres","status":"publish","type":"post","link":"https:\/\/agora.xtec.cat\/escjoanardevol\/portada\/xii-concurs-de-pessebres\/","title":{"rendered":"XII Concurs de pessebres"},"content":{"rendered":"<p>Un any m\u00e9s, hem convocat el concurs de pessebres el qual t\u00e9 sempre una bona acollida. Cal que sigui una elaboraci\u00f3 casolana, a partir de l&#8217;aparici\u00f3 de les figures b\u00e0siques del naixement.<\/p>\n<p>Enguany, els pessebres han quedat molt b\u00e9, feu clic a la imatge per veure&#8217;ls tots!<\/p>\n<p><a href=\"https:\/\/photos.app.goo.gl\/uVHuNWIJ18MiM8nD3\" target=\"_blank\" rel=\"noopener noreferrer\"><img loading=\"lazy\" decoding=\"async\" class=\"alignnone wp-image-4987\" src=\"http:\/\/agora.xtec.cat\/escjoanardevol\/wp-content\/uploads\/usu550\/2017\/12\/DSC_0019-c\u00f2pia-1024x683.jpg\" alt=\"\" width=\"500\" height=\"333\" srcset=\"https:\/\/agora.xtec.cat\/escjoanardevol\/wp-content\/uploads\/usu550\/2017\/12\/DSC_0019-c\u00f2pia-1024x683.jpg 1024w, https:\/\/agora.xtec.cat\/escjoanardevol\/wp-content\/uploads\/usu550\/2017\/12\/DSC_0019-c\u00f2pia-300x200.jpg 300w, https:\/\/agora.xtec.cat\/escjoanardevol\/wp-content\/uploads\/usu550\/2017\/12\/DSC_0019-c\u00f2pia-768x512.jpg 768w\" sizes=\"auto, (max-width: 500px) 100vw, 500px\" \/><\/a><\/p>\n","protected":false},"excerpt":{"rendered":"<p>Un any m\u00e9s, hem convocat el concurs de pessebres el qual t\u00e9 sempre una bona acollida. Cal que sigui una elaboraci\u00f3 casolana, a partir de l&#8217;aparici\u00f3 de les figures b\u00e0siques del naixement.<br \/>\nEnguany, els pessebres han quedat molt b\u00e9, feu clic a la imatge per veure&#8217;ls&hellip;  <a href=\"https:\/\/agora.xtec.cat\/escjoanardevol\/portada\/xii-concurs-de-pessebres\/\" title=\"Read XII Concurs de pessebres\">Llegeix m\u00e9s\u00bb<\/a><\/p>\n","protected":false},"author":1,"featured_media":4987,"comment_status":"closed","ping_status":"closed","sticky":false,"template":"","format":"standard","meta":{"_bbp_topic_count":0,"_bbp_reply_count":0,"_bbp_total_topic_count":0,"_bbp_total_reply_count":0,"_bbp_voice_count":0,"_bbp_anonymous_reply_count":0,"_bbp_topic_count_hidden":0,"_bbp_reply_count_hidden":0,"_bbp_forum_subforum_count":0,"footnotes":""},"categories":[4],"tags":[59,75,76,77,89,146,164,187],"class_list":["post-4986","post","type-post","status-publish","format-standard","has-post-thumbnail","hentry","category-portada","tag-activitats","tag-cicle-inicial","tag-cicle-mitja","tag-cicle-superior-2","tag-concursos","tag-nadal","tag-reciclatge","tag-valors"],"post_mailing_queue_ids":[],"_links":{"self":[{"href":"https:\/\/agora.xtec.cat\/escjoanardevol\/wp-json\/wp\/v2\/posts\/4986","targetHints":{"allow":["GET"]}}],"collection":[{"href":"https:\/\/agora.xtec.cat\/escjoanardevol\/wp-json\/wp\/v2\/posts"}],"about":[{"href":"https:\/\/agora.xtec.cat\/escjoanardevol\/wp-json\/wp\/v2\/types\/post"}],"author":[{"embeddable":true,"href":"https:\/\/agora.xtec.cat\/escjoanardevol\/wp-json\/wp\/v2\/users\/1"}],"replies":[{"embeddable":true,"href":"https:\/\/agora.xtec.cat\/escjoanardevol\/wp-json\/wp\/v2\/comments?post=4986"}],"version-history":[{"count":1,"href":"https:\/\/agora.xtec.cat\/escjoanardevol\/wp-json\/wp\/v2\/posts\/4986\/revisions"}],"predecessor-version":[{"id":4988,"href":"https:\/\/agora.xtec.cat\/escjoanardevol\/wp-json\/wp\/v2\/posts\/4986\/revisions\/4988"}],"wp:featuredmedia":[{"embeddable":true,"href":"https:\/\/agora.xtec.cat\/escjoanardevol\/wp-json\/wp\/v2\/media\/4987"}],"wp:attachment":[{"href":"https:\/\/agora.xtec.cat\/escjoanardevol\/wp-json\/wp\/v2\/media?parent=4986"}],"wp:term":[{"taxonomy":"category","embeddable":true,"href":"https:\/\/agora.xtec.cat\/escjoanardevol\/wp-json\/wp\/v2\/categories?post=4986"},{"taxonomy":"post_tag","embeddable":true,"href":"https:\/\/agora.xtec.cat\/escjoanardevol\/wp-json\/wp\/v2\/tags?post=4986"}],"curies":[{"name":"wp","href":"https:\/\/api.w.org\/{rel}","templated":true}]}}