{"id":4983,"date":"2017-12-20T22:38:47","date_gmt":"2017-12-20T21:38:47","guid":{"rendered":"http:\/\/agora.xtec.cat\/escjoanardevol\/?p=4983"},"modified":"2017-12-20T12:51:14","modified_gmt":"2017-12-20T11:51:14","slug":"ix-concurs-de-fotografia-cientifica","status":"publish","type":"post","link":"https:\/\/agora.xtec.cat\/escjoanardevol\/general\/ix-concurs-de-fotografia-cientifica\/","title":{"rendered":"IX Concurs de fotografia cient\u00edfica"},"content":{"rendered":"<p>Un any m\u00e9s, hem fet el concurs de fotografia cient\u00edfica. En el marc de la XXII Setmana de la Ci\u00e8ncia, que t\u00e9 com a objectiu fonamental despertar i potenciar l\u2019inter\u00e8s dels m\u00e9s joves sobre els temes cient\u00edfics i tecnol\u00f2gics, l\u2019escola ha convocat el IX Concurs de fotografia cient\u00edfica.<br \/>\nAmb motiu de la celebraci\u00f3 de l\u2019Any internacional del turisme sostenible per al desenvolupament, el reconeixement de la nostra escola com a Escola verda i la import\u00e0ncia que t\u00e9 al nostre municipi el turisme i la seva repercussi\u00f3 en la protecci\u00f3 de l\u2019entorn i del medi ambient proposem com a tema de l\u2019edici\u00f3 d\u2019enguany \u201cEl Turisme sostenible\u201d.<br \/>\nPodeu revisar les fotos fent clic a la imatge:<\/p>\n<p><a href=\"https:\/\/photos.app.goo.gl\/Hmi2cYyZeRvjjeNH3\" target=\"_blank\" rel=\"noopener noreferrer\"><img loading=\"lazy\" decoding=\"async\" class=\"alignnone wp-image-4984\" src=\"http:\/\/agora.xtec.cat\/escjoanardevol\/wp-content\/uploads\/usu550\/2017\/12\/imatge-web-Cartell-setmana-de-la-ci\u00e8ncia-17-18D2-964x1024.jpg\" alt=\"\" width=\"500\" height=\"531\" srcset=\"https:\/\/agora.xtec.cat\/escjoanardevol\/wp-content\/uploads\/usu550\/2017\/12\/imatge-web-Cartell-setmana-de-la-ci\u00e8ncia-17-18D2-964x1024.jpg 964w, https:\/\/agora.xtec.cat\/escjoanardevol\/wp-content\/uploads\/usu550\/2017\/12\/imatge-web-Cartell-setmana-de-la-ci\u00e8ncia-17-18D2-283x300.jpg 283w, https:\/\/agora.xtec.cat\/escjoanardevol\/wp-content\/uploads\/usu550\/2017\/12\/imatge-web-Cartell-setmana-de-la-ci\u00e8ncia-17-18D2-768x816.jpg 768w\" sizes=\"auto, (max-width: 500px) 100vw, 500px\" \/><\/a><\/p>\n","protected":false},"excerpt":{"rendered":"<p>Un any m\u00e9s, hem fet el concurs de fotografia cient\u00edfica. En el marc de la XXII Setmana de la Ci\u00e8ncia, que t\u00e9 com a objectiu fonamental despertar i potenciar l\u2019inter\u00e8s dels m\u00e9s joves sobre els temes cient\u00edfics i tecnol\u00f2gics, l\u2019escola ha convocat el IX Concurs&hellip;  <a href=\"https:\/\/agora.xtec.cat\/escjoanardevol\/general\/ix-concurs-de-fotografia-cientifica\/\" title=\"Read IX Concurs de fotografia cient\u00edfica\">Llegeix m\u00e9s\u00bb<\/a><\/p>\n","protected":false},"author":1,"featured_media":4984,"comment_status":"closed","ping_status":"closed","sticky":false,"template":"","format":"standard","meta":{"_bbp_topic_count":0,"_bbp_reply_count":0,"_bbp_total_topic_count":0,"_bbp_total_reply_count":0,"_bbp_voice_count":0,"_bbp_anonymous_reply_count":0,"_bbp_topic_count_hidden":0,"_bbp_reply_count_hidden":0,"_bbp_forum_subforum_count":0,"footnotes":""},"categories":[1,4],"tags":[59,75,76,77,89,108,116,140],"class_list":["post-4983","post","type-post","status-publish","format-standard","has-post-thumbnail","hentry","category-general","category-portada","tag-activitats","tag-cicle-inicial","tag-cicle-mitja","tag-cicle-superior-2","tag-concursos","tag-escola-verda","tag-fotos","tag-medi"],"post_mailing_queue_ids":[],"_links":{"self":[{"href":"https:\/\/agora.xtec.cat\/escjoanardevol\/wp-json\/wp\/v2\/posts\/4983","targetHints":{"allow":["GET"]}}],"collection":[{"href":"https:\/\/agora.xtec.cat\/escjoanardevol\/wp-json\/wp\/v2\/posts"}],"about":[{"href":"https:\/\/agora.xtec.cat\/escjoanardevol\/wp-json\/wp\/v2\/types\/post"}],"author":[{"embeddable":true,"href":"https:\/\/agora.xtec.cat\/escjoanardevol\/wp-json\/wp\/v2\/users\/1"}],"replies":[{"embeddable":true,"href":"https:\/\/agora.xtec.cat\/escjoanardevol\/wp-json\/wp\/v2\/comments?post=4983"}],"version-history":[{"count":1,"href":"https:\/\/agora.xtec.cat\/escjoanardevol\/wp-json\/wp\/v2\/posts\/4983\/revisions"}],"predecessor-version":[{"id":4985,"href":"https:\/\/agora.xtec.cat\/escjoanardevol\/wp-json\/wp\/v2\/posts\/4983\/revisions\/4985"}],"wp:featuredmedia":[{"embeddable":true,"href":"https:\/\/agora.xtec.cat\/escjoanardevol\/wp-json\/wp\/v2\/media\/4984"}],"wp:attachment":[{"href":"https:\/\/agora.xtec.cat\/escjoanardevol\/wp-json\/wp\/v2\/media?parent=4983"}],"wp:term":[{"taxonomy":"category","embeddable":true,"href":"https:\/\/agora.xtec.cat\/escjoanardevol\/wp-json\/wp\/v2\/categories?post=4983"},{"taxonomy":"post_tag","embeddable":true,"href":"https:\/\/agora.xtec.cat\/escjoanardevol\/wp-json\/wp\/v2\/tags?post=4983"}],"curies":[{"name":"wp","href":"https:\/\/api.w.org\/{rel}","templated":true}]}}