{"id":4974,"date":"2017-12-19T11:57:03","date_gmt":"2017-12-19T10:57:03","guid":{"rendered":"http:\/\/agora.xtec.cat\/escjoanardevol\/?p=4974"},"modified":"2017-12-20T12:12:29","modified_gmt":"2017-12-20T11:12:29","slug":"igual-pero-diferent","status":"publish","type":"post","link":"https:\/\/agora.xtec.cat\/escjoanardevol\/portada\/igual-pero-diferent\/","title":{"rendered":"Igual per\u00f2 diferent, gimcana de conviv\u00e8ncia \/ escola verda"},"content":{"rendered":"<p>La nostra escola, a trav\u00e9s de la comissi\u00f3 de conviv\u00e8ncia, treballem els valors de solidaritat, companyerisme, cooperaci\u00f3 i molts m\u00e9s. Cada any, a final del primer trimestre organitzem una gimcana en la que els m\u00e9s grans fan de monitors dels m\u00e9s petits. Enguany, aprofitant que hem rebut la distinci\u00f3 d&#8217;Escola Verda, vam organitzar una jornada de jocs reciclats creats pels alumnes i una exposici\u00f3 on, a partir d&#8217;un tra\u00e7 simple, cada nen ha deixat anar la seva imaginaci\u00f3. Comproveu-ne els resultats fent clic a la imatge:<\/p>\n<p><a href=\"https:\/\/photos.app.goo.gl\/oq1UCwmUaQbJHw032\" target=\"_blank\" rel=\"noopener noreferrer\"><img loading=\"lazy\" decoding=\"async\" class=\"alignnone wp-image-4975\" src=\"http:\/\/agora.xtec.cat\/escjoanardevol\/wp-content\/uploads\/usu550\/2017\/12\/DSC_0001-c\u00f2pia-1-1024x958.jpg\" alt=\"\" width=\"500\" height=\"468\" srcset=\"https:\/\/agora.xtec.cat\/escjoanardevol\/wp-content\/uploads\/usu550\/2017\/12\/DSC_0001-c\u00f2pia-1-1024x958.jpg 1024w, https:\/\/agora.xtec.cat\/escjoanardevol\/wp-content\/uploads\/usu550\/2017\/12\/DSC_0001-c\u00f2pia-1-300x281.jpg 300w, https:\/\/agora.xtec.cat\/escjoanardevol\/wp-content\/uploads\/usu550\/2017\/12\/DSC_0001-c\u00f2pia-1-768x719.jpg 768w, https:\/\/agora.xtec.cat\/escjoanardevol\/wp-content\/uploads\/usu550\/2017\/12\/DSC_0001-c\u00f2pia-1.jpg 1562w\" sizes=\"auto, (max-width: 500px) 100vw, 500px\" \/><\/a><\/p>\n<p>Tamb\u00e9 podeu veure les fotos de la gimcana, clicant damunt la imatge:<\/p>\n<p><a href=\"https:\/\/photos.app.goo.gl\/x6OSRsRHTQMnBsMI3\" target=\"_blank\" rel=\"noopener noreferrer\"><img loading=\"lazy\" decoding=\"async\" class=\"alignnone wp-image-4977\" src=\"http:\/\/agora.xtec.cat\/escjoanardevol\/wp-content\/uploads\/usu550\/2017\/12\/DSC_0004-c\u00f2pia-1024x683.jpg\" alt=\"\" width=\"500\" height=\"333\" srcset=\"https:\/\/agora.xtec.cat\/escjoanardevol\/wp-content\/uploads\/usu550\/2017\/12\/DSC_0004-c\u00f2pia-1024x683.jpg 1024w, https:\/\/agora.xtec.cat\/escjoanardevol\/wp-content\/uploads\/usu550\/2017\/12\/DSC_0004-c\u00f2pia-300x200.jpg 300w, https:\/\/agora.xtec.cat\/escjoanardevol\/wp-content\/uploads\/usu550\/2017\/12\/DSC_0004-c\u00f2pia-768x512.jpg 768w\" sizes=\"auto, (max-width: 500px) 100vw, 500px\" \/><\/a><\/p>\n","protected":false},"excerpt":{"rendered":"<p>La nostra escola, a trav\u00e9s de la comissi\u00f3 de conviv\u00e8ncia, treballem els valors de solidaritat, companyerisme, cooperaci\u00f3 i molts m\u00e9s. Cada any, a final del primer trimestre organitzem una gimcana en la que els m\u00e9s grans fan de monitors dels m\u00e9s petits. Enguany, aprofitant que&hellip;  <a href=\"https:\/\/agora.xtec.cat\/escjoanardevol\/portada\/igual-pero-diferent\/\" title=\"Read Igual per\u00f2 diferent, gimcana de conviv\u00e8ncia \/ escola verda\">Llegeix m\u00e9s\u00bb<\/a><\/p>\n","protected":false},"author":1,"featured_media":4975,"comment_status":"closed","ping_status":"closed","sticky":false,"template":"","format":"standard","meta":{"_bbp_topic_count":0,"_bbp_reply_count":0,"_bbp_total_topic_count":0,"_bbp_total_reply_count":0,"_bbp_voice_count":0,"_bbp_anonymous_reply_count":0,"_bbp_topic_count_hidden":0,"_bbp_reply_count_hidden":0,"_bbp_forum_subforum_count":0,"footnotes":""},"categories":[4],"tags":[59,75,76,77,93,94,103,108,128,164,187],"class_list":["post-4974","post","type-post","status-publish","format-standard","has-post-thumbnail","hentry","category-portada","tag-activitats","tag-cicle-inicial","tag-cicle-mitja","tag-cicle-superior-2","tag-convivencia","tag-cooperacio","tag-educacio-infantil","tag-escola-verda","tag-jornades","tag-reciclatge","tag-valors"],"post_mailing_queue_ids":[],"_links":{"self":[{"href":"https:\/\/agora.xtec.cat\/escjoanardevol\/wp-json\/wp\/v2\/posts\/4974","targetHints":{"allow":["GET"]}}],"collection":[{"href":"https:\/\/agora.xtec.cat\/escjoanardevol\/wp-json\/wp\/v2\/posts"}],"about":[{"href":"https:\/\/agora.xtec.cat\/escjoanardevol\/wp-json\/wp\/v2\/types\/post"}],"author":[{"embeddable":true,"href":"https:\/\/agora.xtec.cat\/escjoanardevol\/wp-json\/wp\/v2\/users\/1"}],"replies":[{"embeddable":true,"href":"https:\/\/agora.xtec.cat\/escjoanardevol\/wp-json\/wp\/v2\/comments?post=4974"}],"version-history":[{"count":4,"href":"https:\/\/agora.xtec.cat\/escjoanardevol\/wp-json\/wp\/v2\/posts\/4974\/revisions"}],"predecessor-version":[{"id":4982,"href":"https:\/\/agora.xtec.cat\/escjoanardevol\/wp-json\/wp\/v2\/posts\/4974\/revisions\/4982"}],"wp:featuredmedia":[{"embeddable":true,"href":"https:\/\/agora.xtec.cat\/escjoanardevol\/wp-json\/wp\/v2\/media\/4975"}],"wp:attachment":[{"href":"https:\/\/agora.xtec.cat\/escjoanardevol\/wp-json\/wp\/v2\/media?parent=4974"}],"wp:term":[{"taxonomy":"category","embeddable":true,"href":"https:\/\/agora.xtec.cat\/escjoanardevol\/wp-json\/wp\/v2\/categories?post=4974"},{"taxonomy":"post_tag","embeddable":true,"href":"https:\/\/agora.xtec.cat\/escjoanardevol\/wp-json\/wp\/v2\/tags?post=4974"}],"curies":[{"name":"wp","href":"https:\/\/api.w.org\/{rel}","templated":true}]}}