{"id":4968,"date":"2017-12-20T09:33:48","date_gmt":"2017-12-20T08:33:48","guid":{"rendered":"http:\/\/agora.xtec.cat\/escjoanardevol\/?p=4968"},"modified":"2017-12-20T11:49:14","modified_gmt":"2017-12-20T10:49:14","slug":"distincio-escola-verda","status":"publish","type":"post","link":"https:\/\/agora.xtec.cat\/escjoanardevol\/portada\/distincio-escola-verda\/","title":{"rendered":"Distinci\u00f3 Escola Verda"},"content":{"rendered":"<p>Aquest dilluns l\u2019Escola Joan Ard\u00e8vol va celebrar el reconeixement del centre com Escola verda.<\/p>\n<p>A l\u2019acte central que es va portar a terme a les 12 del migdia i en el que es va penjar el distintiu d\u2019Escola verda, hi van assistir a m\u00e9s dels alumnes, pares i representants de la comunitat educativa de l\u2019escola, la sra. Imma Reguant, directora dels ST d\u2019Ensenyament de Tarragona, el sr. Alejandro Garcia, regidor d\u2019Ensenyament i PAO de l\u2019Ajuntament de Cambrils, i altres representants del m\u00f3n educatiu de la demarcaci\u00f3 i del municipi.<\/p>\n<p>Durant tot el dia els alumnes van celebrar una <strong>jornada de conviv\u00e8ncia<\/strong> en la que els m\u00e9s grans van ensenyar als m\u00e9s petits a utilitzar joguines, que han constru\u00eft entre tots, utilitzant productes i materials reutilitzats. Aquestes joguines es podran fer servir a partir d\u2019ara a l\u2019hora de l\u2019esbarjo.<\/p>\n<p>En un acte celebrat el passat 25 de novembre al museu Agbar de les Aig\u00fces de Cornella de Llobregat, l\u2019escola va rebre el distintiu d\u2019Escola verda i la inclusi\u00f3 a la Xarxa d\u2019Escoles per\u00a0 a la Sostenibilitat de\u00a0 Catalunya.<\/p>\n<p>L\u2019obtenci\u00f3 del distintiu d\u2019Escola verda \u00e9s el reconeixement de la feina que s\u2019est\u00e0 fent a l\u2019escola des de fa m\u00e9s de dos anys en la incorporaci\u00f3 de metodologies i actuacions que \u00a0promouen \u00a0\u00a0l\u2019educaci\u00f3 per a la sostenibilitat en les activitats del centre i en la vida quotidiana dels alumnes i les seves fam\u00edlies.<\/p>\n<p><a href=\"https:\/\/photos.app.goo.gl\/pvJkHr8tMPzIjghs1\" target=\"_blank\" rel=\"noopener noreferrer\"><img loading=\"lazy\" decoding=\"async\" class=\"alignnone wp-image-4969\" src=\"http:\/\/agora.xtec.cat\/escjoanardevol\/wp-content\/uploads\/usu550\/2017\/12\/DSC_0001-c\u00f2pia-1024x683.jpg\" alt=\"\" width=\"500\" height=\"333\" srcset=\"https:\/\/agora.xtec.cat\/escjoanardevol\/wp-content\/uploads\/usu550\/2017\/12\/DSC_0001-c\u00f2pia-1024x683.jpg 1024w, https:\/\/agora.xtec.cat\/escjoanardevol\/wp-content\/uploads\/usu550\/2017\/12\/DSC_0001-c\u00f2pia-300x200.jpg 300w, https:\/\/agora.xtec.cat\/escjoanardevol\/wp-content\/uploads\/usu550\/2017\/12\/DSC_0001-c\u00f2pia-768x512.jpg 768w\" sizes=\"auto, (max-width: 500px) 100vw, 500px\" \/><\/a><\/p>\n<p>El diari de Tarragona i la revista Cambrils es van fer ress\u00f2 de la not\u00edcia:<\/p>\n<p><a href=\"https:\/\/www.diaridetarragona.com\/costa\/LEscola-Joan-Ardvol-de-Cambrils-rep-la-distincio-dEscola-Verda--20171219-0028.html\" target=\"_blank\" rel=\"noopener noreferrer\"><img loading=\"lazy\" decoding=\"async\" class=\"alignnone wp-image-4971 size-full\" src=\"http:\/\/agora.xtec.cat\/escjoanardevol\/wp-content\/uploads\/usu550\/2017\/12\/diaritarragona.jpg\" alt=\"\" width=\"172\" height=\"80\" \/> <\/a><a href=\"http:\/\/www.revistacambrils.com\/index.php?c_noticia=24699\" target=\"_blank\" rel=\"noopener noreferrer\"><img loading=\"lazy\" decoding=\"async\" class=\"alignnone\" src=\"http:\/\/www.revistacambrils.com\/imatges\/comuns2\/cap.gif\" alt=\"\" width=\"484\" height=\"75\" \/><\/a><\/p>\n","protected":false},"excerpt":{"rendered":"<p>Aquest dilluns l\u2019Escola Joan Ard\u00e8vol va celebrar el reconeixement del centre com Escola verda.<br \/>\nA l\u2019acte central que es va portar a terme a les 12 del migdia i en el que es va penjar el distintiu d\u2019Escola verda, hi van assistir a m\u00e9s dels alumnes,&hellip;  <a href=\"https:\/\/agora.xtec.cat\/escjoanardevol\/portada\/distincio-escola-verda\/\" title=\"Read Distinci\u00f3 Escola Verda\">Llegeix m\u00e9s\u00bb<\/a><\/p>\n","protected":false},"author":1,"featured_media":4969,"comment_status":"closed","ping_status":"closed","sticky":false,"template":"","format":"standard","meta":{"_bbp_topic_count":0,"_bbp_reply_count":0,"_bbp_total_topic_count":0,"_bbp_total_reply_count":0,"_bbp_voice_count":0,"_bbp_anonymous_reply_count":0,"_bbp_topic_count_hidden":0,"_bbp_reply_count_hidden":0,"_bbp_forum_subforum_count":0,"footnotes":""},"categories":[4],"tags":[59,69,75,76,77,93,94,103,108,140,187],"class_list":["post-4968","post","type-post","status-publish","format-standard","has-post-thumbnail","hentry","category-portada","tag-activitats","tag-cambrils","tag-cicle-inicial","tag-cicle-mitja","tag-cicle-superior-2","tag-convivencia","tag-cooperacio","tag-educacio-infantil","tag-escola-verda","tag-medi","tag-valors"],"post_mailing_queue_ids":[],"_links":{"self":[{"href":"https:\/\/agora.xtec.cat\/escjoanardevol\/wp-json\/wp\/v2\/posts\/4968","targetHints":{"allow":["GET"]}}],"collection":[{"href":"https:\/\/agora.xtec.cat\/escjoanardevol\/wp-json\/wp\/v2\/posts"}],"about":[{"href":"https:\/\/agora.xtec.cat\/escjoanardevol\/wp-json\/wp\/v2\/types\/post"}],"author":[{"embeddable":true,"href":"https:\/\/agora.xtec.cat\/escjoanardevol\/wp-json\/wp\/v2\/users\/1"}],"replies":[{"embeddable":true,"href":"https:\/\/agora.xtec.cat\/escjoanardevol\/wp-json\/wp\/v2\/comments?post=4968"}],"version-history":[{"count":3,"href":"https:\/\/agora.xtec.cat\/escjoanardevol\/wp-json\/wp\/v2\/posts\/4968\/revisions"}],"predecessor-version":[{"id":4973,"href":"https:\/\/agora.xtec.cat\/escjoanardevol\/wp-json\/wp\/v2\/posts\/4968\/revisions\/4973"}],"wp:featuredmedia":[{"embeddable":true,"href":"https:\/\/agora.xtec.cat\/escjoanardevol\/wp-json\/wp\/v2\/media\/4969"}],"wp:attachment":[{"href":"https:\/\/agora.xtec.cat\/escjoanardevol\/wp-json\/wp\/v2\/media?parent=4968"}],"wp:term":[{"taxonomy":"category","embeddable":true,"href":"https:\/\/agora.xtec.cat\/escjoanardevol\/wp-json\/wp\/v2\/categories?post=4968"},{"taxonomy":"post_tag","embeddable":true,"href":"https:\/\/agora.xtec.cat\/escjoanardevol\/wp-json\/wp\/v2\/tags?post=4968"}],"curies":[{"name":"wp","href":"https:\/\/api.w.org\/{rel}","templated":true}]}}