{"id":4964,"date":"2017-12-18T18:33:22","date_gmt":"2017-12-18T17:33:22","guid":{"rendered":"http:\/\/agora.xtec.cat\/escjoanardevol\/?p=4964"},"modified":"2017-12-19T22:55:16","modified_gmt":"2017-12-19T21:55:16","slug":"marato-tv3-3","status":"publish","type":"post","link":"https:\/\/agora.xtec.cat\/escjoanardevol\/portada\/marato-tv3-3\/","title":{"rendered":"Marat\u00f3 TV3"},"content":{"rendered":"<p>El dia 15 de desembre, divendres, un any m\u00e9s l&#8217;escola ha participat a la marat\u00f3 de TV3 fent activitats per recaptar diners en solidaritat a les persones que ho necessiten. Per nosaltres \u00e9s una manera d&#8217;ensenyar i aprendre que cal ser solidaris i respectuosos amb totes les persones i, especialment, amb qui m\u00e9s ho necessiten.<\/p>\n<p>Hem fet manualitats que hem posat a la venda, concretament:<br \/>\n<strong>Educaci\u00f3 infantil<\/strong>: Boles de nadal personalitzades amb la foto.<br \/>\n<strong>Cicle Inicial<\/strong>: Xapes personalitzades.<br \/>\n<strong>Tercer<\/strong>: Felicitacions nadalenques.<br \/>\n<strong>Quart<\/strong>: Penjolls decoratius de fang per a l&#8217;arbre de nadal.<br \/>\n<strong>Cicle Superior<\/strong>: Penjolls per decorar l&#8217;arbre de nadal.<\/p>\n<p>El menjador de l&#8217;escola ha organitzat un esmorzar solidari que estava molt bo i en el que han participat tot l&#8217;alumnat.<\/p>\n<p>Al final, hem recollit m\u00e9s de 700\u20ac!!!<\/p>\n<p><a href=\"https:\/\/photos.app.goo.gl\/I11REKSBeESTKH553\" target=\"_blank\" rel=\"noopener noreferrer\"><img loading=\"lazy\" decoding=\"async\" class=\"alignnone wp-image-4965\" src=\"http:\/\/agora.xtec.cat\/escjoanardevol\/wp-content\/uploads\/usu550\/2017\/12\/IMG_20171215_123157-c\u00f2pia-1024x489.jpg\" alt=\"\" width=\"555\" height=\"265\" srcset=\"https:\/\/agora.xtec.cat\/escjoanardevol\/wp-content\/uploads\/usu550\/2017\/12\/IMG_20171215_123157-c\u00f2pia-1024x489.jpg 1024w, https:\/\/agora.xtec.cat\/escjoanardevol\/wp-content\/uploads\/usu550\/2017\/12\/IMG_20171215_123157-c\u00f2pia-300x143.jpg 300w, https:\/\/agora.xtec.cat\/escjoanardevol\/wp-content\/uploads\/usu550\/2017\/12\/IMG_20171215_123157-c\u00f2pia-768x367.jpg 768w\" sizes=\"auto, (max-width: 555px) 100vw, 555px\" \/><\/a><\/p>\n<p>La Revista Cambrils tamb\u00e9 es va fer ress\u00f2 de la not\u00edcia:<\/p>\n<p><a href=\"http:\/\/www.revistacambrils.com\/index.php?c_noticia=24697\" target=\"_blank\" rel=\"noopener noreferrer\"><img loading=\"lazy\" decoding=\"async\" class=\"alignnone\" src=\"http:\/\/www.revistacambrils.com\/imatges\/comuns2\/cap.gif\" alt=\"\" width=\"484\" height=\"75\" \/><\/a><\/p>\n","protected":false},"excerpt":{"rendered":"<p>El dia 15 de desembre, divendres, un any m\u00e9s l&#8217;escola ha participat a la marat\u00f3 de TV3 fent activitats per recaptar diners en solidaritat a les persones que ho necessiten. Per nosaltres \u00e9s una manera d&#8217;ensenyar i aprendre que cal ser solidaris i respectuosos amb&hellip;  <a href=\"https:\/\/agora.xtec.cat\/escjoanardevol\/portada\/marato-tv3-3\/\" title=\"Read Marat\u00f3 TV3\">Llegeix m\u00e9s\u00bb<\/a><\/p>\n","protected":false},"author":1,"featured_media":4965,"comment_status":"closed","ping_status":"closed","sticky":false,"template":"","format":"standard","meta":{"_bbp_topic_count":0,"_bbp_reply_count":0,"_bbp_total_topic_count":0,"_bbp_total_reply_count":0,"_bbp_voice_count":0,"_bbp_anonymous_reply_count":0,"_bbp_topic_count_hidden":0,"_bbp_reply_count_hidden":0,"_bbp_forum_subforum_count":0,"footnotes":""},"categories":[4],"tags":[59,75,76,77,94,103,138,146,187],"class_list":["post-4964","post","type-post","status-publish","format-standard","has-post-thumbnail","hentry","category-portada","tag-activitats","tag-cicle-inicial","tag-cicle-mitja","tag-cicle-superior-2","tag-cooperacio","tag-educacio-infantil","tag-marato","tag-nadal","tag-valors"],"post_mailing_queue_ids":[],"_links":{"self":[{"href":"https:\/\/agora.xtec.cat\/escjoanardevol\/wp-json\/wp\/v2\/posts\/4964","targetHints":{"allow":["GET"]}}],"collection":[{"href":"https:\/\/agora.xtec.cat\/escjoanardevol\/wp-json\/wp\/v2\/posts"}],"about":[{"href":"https:\/\/agora.xtec.cat\/escjoanardevol\/wp-json\/wp\/v2\/types\/post"}],"author":[{"embeddable":true,"href":"https:\/\/agora.xtec.cat\/escjoanardevol\/wp-json\/wp\/v2\/users\/1"}],"replies":[{"embeddable":true,"href":"https:\/\/agora.xtec.cat\/escjoanardevol\/wp-json\/wp\/v2\/comments?post=4964"}],"version-history":[{"count":2,"href":"https:\/\/agora.xtec.cat\/escjoanardevol\/wp-json\/wp\/v2\/posts\/4964\/revisions"}],"predecessor-version":[{"id":4967,"href":"https:\/\/agora.xtec.cat\/escjoanardevol\/wp-json\/wp\/v2\/posts\/4964\/revisions\/4967"}],"wp:featuredmedia":[{"embeddable":true,"href":"https:\/\/agora.xtec.cat\/escjoanardevol\/wp-json\/wp\/v2\/media\/4965"}],"wp:attachment":[{"href":"https:\/\/agora.xtec.cat\/escjoanardevol\/wp-json\/wp\/v2\/media?parent=4964"}],"wp:term":[{"taxonomy":"category","embeddable":true,"href":"https:\/\/agora.xtec.cat\/escjoanardevol\/wp-json\/wp\/v2\/categories?post=4964"},{"taxonomy":"post_tag","embeddable":true,"href":"https:\/\/agora.xtec.cat\/escjoanardevol\/wp-json\/wp\/v2\/tags?post=4964"}],"curies":[{"name":"wp","href":"https:\/\/api.w.org\/{rel}","templated":true}]}}