{"id":4961,"date":"2017-12-12T16:21:32","date_gmt":"2017-12-12T15:21:32","guid":{"rendered":"http:\/\/agora.xtec.cat\/escjoanardevol\/?p=4961"},"modified":"2017-12-12T16:21:32","modified_gmt":"2017-12-12T15:21:32","slug":"larbre-dels-desitjos-de-primer","status":"publish","type":"post","link":"https:\/\/agora.xtec.cat\/escjoanardevol\/portada\/larbre-dels-desitjos-de-primer\/","title":{"rendered":"L&#8217;arbre dels desitjos de primer"},"content":{"rendered":"<p>El dia 12 de desembre ens han visitat els avis de la residencia Cambrils Suite per tal de fer l\u2019activitat \u201cL\u2019arbre dels desitjos\u201d que consistia en escriure un desig a una targeta i penjar-la a l\u2019arbre. En arribar hem fet una ronda de presentacions i despr\u00e9s hem passat a entrevistar-los fent-los preguntes diverses: edat, data de naixement, fam\u00edlia, infantesa, professi\u00f3 a la que es dedicaven.<\/p>\n<p>Despr\u00e9s ens hem agrupat per taules i hem anat escrivint els nostres desitjos a les targetes i penjant-los a l\u2019arbre. Per acabar, els hem cantat les nadales que tenim preparades per al festival de Nadal i ells ens han cantat nadales que coneixien de la seva infantesa. Els hem obsequiat amb unes xapes elaborades per nosaltres i ens hem acomiadat d\u2019ells. Ha estat una activitat ben bonica i enriquidora on hem compartit temps amb gent de la tercera edat.<\/p>\n<p><a href=\"https:\/\/photos.app.goo.gl\/Tc1SmD4ooyAg3dnv2\" target=\"_blank\" rel=\"noopener noreferrer\"><img loading=\"lazy\" decoding=\"async\" class=\"alignnone wp-image-4962\" src=\"http:\/\/agora.xtec.cat\/escjoanardevol\/wp-content\/uploads\/usu550\/2017\/12\/IMG_0038-c\u00f2pia-1024x768.jpg\" alt=\"\" width=\"500\" height=\"375\" srcset=\"https:\/\/agora.xtec.cat\/escjoanardevol\/wp-content\/uploads\/usu550\/2017\/12\/IMG_0038-c\u00f2pia-1024x768.jpg 1024w, https:\/\/agora.xtec.cat\/escjoanardevol\/wp-content\/uploads\/usu550\/2017\/12\/IMG_0038-c\u00f2pia-300x225.jpg 300w, https:\/\/agora.xtec.cat\/escjoanardevol\/wp-content\/uploads\/usu550\/2017\/12\/IMG_0038-c\u00f2pia-768x576.jpg 768w, https:\/\/agora.xtec.cat\/escjoanardevol\/wp-content\/uploads\/usu550\/2017\/12\/IMG_0038-c\u00f2pia-200x150.jpg 200w\" sizes=\"auto, (max-width: 500px) 100vw, 500px\" \/><\/a><\/p>\n","protected":false},"excerpt":{"rendered":"<p>El dia 12 de desembre ens han visitat els avis de la residencia Cambrils Suite per tal de fer l\u2019activitat \u201cL\u2019arbre dels desitjos\u201d que consistia en escriure un desig a una targeta i penjar-la a l\u2019arbre. En arribar hem fet una ronda de presentacions i&hellip;  <a href=\"https:\/\/agora.xtec.cat\/escjoanardevol\/portada\/larbre-dels-desitjos-de-primer\/\" title=\"Read L&#8217;arbre dels desitjos de primer\">Llegeix m\u00e9s\u00bb<\/a><\/p>\n","protected":false},"author":1,"featured_media":4962,"comment_status":"closed","ping_status":"closed","sticky":false,"template":"","format":"standard","meta":{"_bbp_topic_count":0,"_bbp_reply_count":0,"_bbp_total_topic_count":0,"_bbp_total_reply_count":0,"_bbp_voice_count":0,"_bbp_anonymous_reply_count":0,"_bbp_topic_count_hidden":0,"_bbp_reply_count_hidden":0,"_bbp_forum_subforum_count":0,"footnotes":""},"categories":[10,4,5],"tags":[59,75,93,187],"class_list":["post-4961","post","type-post","status-publish","format-standard","has-post-thumbnail","hentry","category-1r","category-portada","category-primaria","tag-activitats","tag-cicle-inicial","tag-convivencia","tag-valors"],"post_mailing_queue_ids":[],"_links":{"self":[{"href":"https:\/\/agora.xtec.cat\/escjoanardevol\/wp-json\/wp\/v2\/posts\/4961","targetHints":{"allow":["GET"]}}],"collection":[{"href":"https:\/\/agora.xtec.cat\/escjoanardevol\/wp-json\/wp\/v2\/posts"}],"about":[{"href":"https:\/\/agora.xtec.cat\/escjoanardevol\/wp-json\/wp\/v2\/types\/post"}],"author":[{"embeddable":true,"href":"https:\/\/agora.xtec.cat\/escjoanardevol\/wp-json\/wp\/v2\/users\/1"}],"replies":[{"embeddable":true,"href":"https:\/\/agora.xtec.cat\/escjoanardevol\/wp-json\/wp\/v2\/comments?post=4961"}],"version-history":[{"count":1,"href":"https:\/\/agora.xtec.cat\/escjoanardevol\/wp-json\/wp\/v2\/posts\/4961\/revisions"}],"predecessor-version":[{"id":4963,"href":"https:\/\/agora.xtec.cat\/escjoanardevol\/wp-json\/wp\/v2\/posts\/4961\/revisions\/4963"}],"wp:featuredmedia":[{"embeddable":true,"href":"https:\/\/agora.xtec.cat\/escjoanardevol\/wp-json\/wp\/v2\/media\/4962"}],"wp:attachment":[{"href":"https:\/\/agora.xtec.cat\/escjoanardevol\/wp-json\/wp\/v2\/media?parent=4961"}],"wp:term":[{"taxonomy":"category","embeddable":true,"href":"https:\/\/agora.xtec.cat\/escjoanardevol\/wp-json\/wp\/v2\/categories?post=4961"},{"taxonomy":"post_tag","embeddable":true,"href":"https:\/\/agora.xtec.cat\/escjoanardevol\/wp-json\/wp\/v2\/tags?post=4961"}],"curies":[{"name":"wp","href":"https:\/\/api.w.org\/{rel}","templated":true}]}}