{"id":4953,"date":"2017-11-23T11:48:59","date_gmt":"2017-11-23T10:48:59","guid":{"rendered":"http:\/\/agora.xtec.cat\/escjoanardevol\/?p=4953"},"modified":"2017-11-23T11:50:36","modified_gmt":"2017-11-23T10:50:36","slug":"ci-treballem-la-terra","status":"publish","type":"post","link":"https:\/\/agora.xtec.cat\/escjoanardevol\/portada\/ci-treballem-la-terra\/","title":{"rendered":"Treballem la terra: sortida de primer a la cooperativa"},"content":{"rendered":"<p>Aquesta setmana els alumnes de Cicle Inicial hem visitat el Museu Agr\u00edcola de Cambrils. Ha estat una visita guiada on ens han explicat la manera tradicional de fer l\u2019oli i el vi que s\u2019utilitzava fa prop de cent anys.<\/p>\n<p>Moltes de les m\u00e0quines i tractors que hem vist, s\u00f3n peces cedides per pagesos que, amb la mecanitzaci\u00f3 de la producci\u00f3 del vi i de l\u2019oli van quedar obsoletes. Ara s\u00f3n boniques peces d\u2019art i una interessant mostra del passat.<\/p>\n<p>En finalitzar la visita, vam tenir l\u2019honor de fer un tast de l\u2019oli de Cambrils i d\u2019alguns fruits secs conreats a la nostra localitat.<\/p>\n<p>Ha estat una activitat que ens ha ajudat a apropar-nos a les generacions anteriors per tal de poder imaginar-nos tota la feixuga feina que suposava als nostres avantpassats produir productes tant mediterranis com s\u00f3n el vi i l\u2019oli d\u2019oliva.<\/p>\n<p><a href=\"https:\/\/photos.app.goo.gl\/b88U3sksu2nLrKzr2\" target=\"_blank\" rel=\"noopener noreferrer\"><img loading=\"lazy\" decoding=\"async\" class=\"alignnone wp-image-4954\" src=\"http:\/\/agora.xtec.cat\/escjoanardevol\/wp-content\/uploads\/usu550\/2017\/11\/IMG_0059-c\u00f2pia-1024x768.jpg\" alt=\"\" width=\"500\" height=\"375\" srcset=\"https:\/\/agora.xtec.cat\/escjoanardevol\/wp-content\/uploads\/usu550\/2017\/11\/IMG_0059-c\u00f2pia-1024x768.jpg 1024w, https:\/\/agora.xtec.cat\/escjoanardevol\/wp-content\/uploads\/usu550\/2017\/11\/IMG_0059-c\u00f2pia-300x225.jpg 300w, https:\/\/agora.xtec.cat\/escjoanardevol\/wp-content\/uploads\/usu550\/2017\/11\/IMG_0059-c\u00f2pia-768x576.jpg 768w, https:\/\/agora.xtec.cat\/escjoanardevol\/wp-content\/uploads\/usu550\/2017\/11\/IMG_0059-c\u00f2pia-200x150.jpg 200w\" sizes=\"auto, (max-width: 500px) 100vw, 500px\" \/><\/a><\/p>\n","protected":false},"excerpt":{"rendered":"<p>Aquesta setmana els alumnes de Cicle Inicial hem visitat el Museu Agr\u00edcola de Cambrils. Ha estat una visita guiada on ens han explicat la manera tradicional de fer l\u2019oli i el vi que s\u2019utilitzava fa prop de cent anys.<br \/>\nMoltes de les m\u00e0quines i tractors que&hellip;  <a href=\"https:\/\/agora.xtec.cat\/escjoanardevol\/portada\/ci-treballem-la-terra\/\" title=\"Read Treballem la terra: sortida de primer a la cooperativa\">Llegeix m\u00e9s\u00bb<\/a><\/p>\n","protected":false},"author":1,"featured_media":4954,"comment_status":"closed","ping_status":"closed","sticky":false,"template":"","format":"standard","meta":{"_bbp_topic_count":0,"_bbp_reply_count":0,"_bbp_total_topic_count":0,"_bbp_total_reply_count":0,"_bbp_voice_count":0,"_bbp_anonymous_reply_count":0,"_bbp_topic_count_hidden":0,"_bbp_reply_count_hidden":0,"_bbp_forum_subforum_count":0,"footnotes":""},"categories":[10,11,4],"tags":[59,69,75,140,144,16],"class_list":["post-4953","post","type-post","status-publish","format-standard","has-post-thumbnail","hentry","category-1r","category-2n","category-portada","tag-activitats","tag-cambrils","tag-cicle-inicial","tag-medi","tag-museus","tag-sortides"],"post_mailing_queue_ids":[],"_links":{"self":[{"href":"https:\/\/agora.xtec.cat\/escjoanardevol\/wp-json\/wp\/v2\/posts\/4953","targetHints":{"allow":["GET"]}}],"collection":[{"href":"https:\/\/agora.xtec.cat\/escjoanardevol\/wp-json\/wp\/v2\/posts"}],"about":[{"href":"https:\/\/agora.xtec.cat\/escjoanardevol\/wp-json\/wp\/v2\/types\/post"}],"author":[{"embeddable":true,"href":"https:\/\/agora.xtec.cat\/escjoanardevol\/wp-json\/wp\/v2\/users\/1"}],"replies":[{"embeddable":true,"href":"https:\/\/agora.xtec.cat\/escjoanardevol\/wp-json\/wp\/v2\/comments?post=4953"}],"version-history":[{"count":2,"href":"https:\/\/agora.xtec.cat\/escjoanardevol\/wp-json\/wp\/v2\/posts\/4953\/revisions"}],"predecessor-version":[{"id":4956,"href":"https:\/\/agora.xtec.cat\/escjoanardevol\/wp-json\/wp\/v2\/posts\/4953\/revisions\/4956"}],"wp:featuredmedia":[{"embeddable":true,"href":"https:\/\/agora.xtec.cat\/escjoanardevol\/wp-json\/wp\/v2\/media\/4954"}],"wp:attachment":[{"href":"https:\/\/agora.xtec.cat\/escjoanardevol\/wp-json\/wp\/v2\/media?parent=4953"}],"wp:term":[{"taxonomy":"category","embeddable":true,"href":"https:\/\/agora.xtec.cat\/escjoanardevol\/wp-json\/wp\/v2\/categories?post=4953"},{"taxonomy":"post_tag","embeddable":true,"href":"https:\/\/agora.xtec.cat\/escjoanardevol\/wp-json\/wp\/v2\/tags?post=4953"}],"curies":[{"name":"wp","href":"https:\/\/api.w.org\/{rel}","templated":true}]}}