{"id":4950,"date":"2017-11-19T17:02:46","date_gmt":"2017-11-19T16:02:46","guid":{"rendered":"http:\/\/agora.xtec.cat\/escjoanardevol\/?p=4950"},"modified":"2017-11-17T17:13:38","modified_gmt":"2017-11-17T16:13:38","slug":"3er-visita-el-museu-agricola-de-cambrils","status":"publish","type":"post","link":"https:\/\/agora.xtec.cat\/escjoanardevol\/portada\/3er-visita-el-museu-agricola-de-cambrils\/","title":{"rendered":"3er visita el Museu Agr\u00edcola de Cambrils"},"content":{"rendered":"<p>Els nens i les nenes de 3er hem anat al Museu Agr\u00edcola de Cambrils. La M\u00f2nica ens ha explicat com es feia abans l\u2019oli.<br \/>\nL\u2019oli de Cambrils es feia i encara es fa de les olives arbequines. Els pagesos les porten a la cooperativa i all\u00e0 les molen i n\u2019extreuen l\u2019oli. Hem visitat els cubs a on es fermentava el vi, perqu\u00e8 abans tamb\u00e9 feien vi. Tamb\u00e9 hem menjat fruits secs.<br \/>\nEns ha agradat molt.<\/p>\n<p><a href=\"https:\/\/photos.app.goo.gl\/dwdJskBIrVBQ4AsA2\" target=\"_blank\" rel=\"noopener noreferrer\"><img loading=\"lazy\" decoding=\"async\" class=\"alignnone wp-image-4951\" src=\"http:\/\/agora.xtec.cat\/escjoanardevol\/wp-content\/uploads\/usu550\/2017\/11\/cooperativa-008-c\u00f2pia-1024x768.jpg\" alt=\"\" width=\"500\" height=\"375\" srcset=\"https:\/\/agora.xtec.cat\/escjoanardevol\/wp-content\/uploads\/usu550\/2017\/11\/cooperativa-008-c\u00f2pia-1024x768.jpg 1024w, https:\/\/agora.xtec.cat\/escjoanardevol\/wp-content\/uploads\/usu550\/2017\/11\/cooperativa-008-c\u00f2pia-300x225.jpg 300w, https:\/\/agora.xtec.cat\/escjoanardevol\/wp-content\/uploads\/usu550\/2017\/11\/cooperativa-008-c\u00f2pia-768x576.jpg 768w, https:\/\/agora.xtec.cat\/escjoanardevol\/wp-content\/uploads\/usu550\/2017\/11\/cooperativa-008-c\u00f2pia-200x150.jpg 200w, https:\/\/agora.xtec.cat\/escjoanardevol\/wp-content\/uploads\/usu550\/2017\/11\/cooperativa-008-c\u00f2pia.jpg 1408w\" sizes=\"auto, (max-width: 500px) 100vw, 500px\" \/><\/a><\/p>\n","protected":false},"excerpt":{"rendered":"<p>Els nens i les nenes de 3er hem anat al Museu Agr\u00edcola de Cambrils. La M\u00f2nica ens ha explicat com es feia abans l\u2019oli.<br \/>\nL\u2019oli de Cambrils es feia i encara es fa de les olives arbequines. Els pagesos les porten a la cooperativa i all\u00e0&hellip;  <a href=\"https:\/\/agora.xtec.cat\/escjoanardevol\/portada\/3er-visita-el-museu-agricola-de-cambrils\/\" title=\"Read 3er visita el Museu Agr\u00edcola de Cambrils\">Llegeix m\u00e9s\u00bb<\/a><\/p>\n","protected":false},"author":1,"featured_media":4951,"comment_status":"closed","ping_status":"closed","sticky":false,"template":"","format":"standard","meta":{"_bbp_topic_count":0,"_bbp_reply_count":0,"_bbp_total_topic_count":0,"_bbp_total_reply_count":0,"_bbp_voice_count":0,"_bbp_anonymous_reply_count":0,"_bbp_topic_count_hidden":0,"_bbp_reply_count_hidden":0,"_bbp_forum_subforum_count":0,"footnotes":""},"categories":[12,4,5],"tags":[69,76,140,144,16],"class_list":["post-4950","post","type-post","status-publish","format-standard","has-post-thumbnail","hentry","category-3r","category-portada","category-primaria","tag-cambrils","tag-cicle-mitja","tag-medi","tag-museus","tag-sortides"],"post_mailing_queue_ids":[],"_links":{"self":[{"href":"https:\/\/agora.xtec.cat\/escjoanardevol\/wp-json\/wp\/v2\/posts\/4950","targetHints":{"allow":["GET"]}}],"collection":[{"href":"https:\/\/agora.xtec.cat\/escjoanardevol\/wp-json\/wp\/v2\/posts"}],"about":[{"href":"https:\/\/agora.xtec.cat\/escjoanardevol\/wp-json\/wp\/v2\/types\/post"}],"author":[{"embeddable":true,"href":"https:\/\/agora.xtec.cat\/escjoanardevol\/wp-json\/wp\/v2\/users\/1"}],"replies":[{"embeddable":true,"href":"https:\/\/agora.xtec.cat\/escjoanardevol\/wp-json\/wp\/v2\/comments?post=4950"}],"version-history":[{"count":1,"href":"https:\/\/agora.xtec.cat\/escjoanardevol\/wp-json\/wp\/v2\/posts\/4950\/revisions"}],"predecessor-version":[{"id":4952,"href":"https:\/\/agora.xtec.cat\/escjoanardevol\/wp-json\/wp\/v2\/posts\/4950\/revisions\/4952"}],"wp:featuredmedia":[{"embeddable":true,"href":"https:\/\/agora.xtec.cat\/escjoanardevol\/wp-json\/wp\/v2\/media\/4951"}],"wp:attachment":[{"href":"https:\/\/agora.xtec.cat\/escjoanardevol\/wp-json\/wp\/v2\/media?parent=4950"}],"wp:term":[{"taxonomy":"category","embeddable":true,"href":"https:\/\/agora.xtec.cat\/escjoanardevol\/wp-json\/wp\/v2\/categories?post=4950"},{"taxonomy":"post_tag","embeddable":true,"href":"https:\/\/agora.xtec.cat\/escjoanardevol\/wp-json\/wp\/v2\/tags?post=4950"}],"curies":[{"name":"wp","href":"https:\/\/api.w.org\/{rel}","templated":true}]}}