{"id":4921,"date":"2017-11-14T16:00:16","date_gmt":"2017-11-14T15:00:16","guid":{"rendered":"http:\/\/agora.xtec.cat\/escjoanardevol\/?p=4921"},"modified":"2017-11-17T11:50:53","modified_gmt":"2017-11-17T10:50:53","slug":"apilo-18-19","status":"publish","type":"post","link":"https:\/\/agora.xtec.cat\/escjoanardevol\/general\/apilo-18-19\/","title":{"rendered":"Torna el programa Apilo XII"},"content":{"rendered":"<p>El programa <strong>Apilo XII<\/strong> torna aquest any a la nostra escola amb ganes de millorar els magn\u00edfics resultats de l&#8217;any passat en que<strong> la nostra escola va recollir el nombre de de piles (en kg) m\u00e9s alt de la prov\u00edncia<\/strong>.<\/p>\n<p>Despr\u00e9s d&#8217;una gran entrada al programa apilo, podrem millorar els nostres registres? <strong>Podrem reciclar encara m\u00e9s?<\/strong><\/p>\n<p>Esperem que ens impliquem tots i totes, alumnes i fam\u00edlia per seguir reciclant!. <img loading=\"lazy\" decoding=\"async\" class=\" wp-image-4185 alignnone\" src=\"http:\/\/agora.xtec.cat\/escjoanardevol\/wp-content\/uploads\/usu550\/2016\/11\/verdi_2016-allargat-150x150.png\" alt=\"\" width=\"74\" height=\"74\" \/><\/p>\n<p>&nbsp;<\/p>\n<figure class=\"figure wp-caption alignleft\"><a href=\"http:\/\/agora.xtec.cat\/escjoanardevol\/wp-content\/uploads\/usu550\/2017\/11\/noticia-apilo-mes-tarragona.png\" target=\"_blank\" rel=\"noopener noreferrer\"><img loading=\"lazy\" decoding=\"async\" class=\"wp-image-4922 size-medium\" src=\"http:\/\/agora.xtec.cat\/escjoanardevol\/wp-content\/uploads\/usu550\/2017\/11\/noticia-apilo-mes-tarragona-300x185.png\" alt=\"\" width=\"300\" height=\"185\" srcset=\"https:\/\/agora.xtec.cat\/escjoanardevol\/wp-content\/uploads\/usu550\/2017\/11\/noticia-apilo-mes-tarragona-300x185.png 300w, https:\/\/agora.xtec.cat\/escjoanardevol\/wp-content\/uploads\/usu550\/2017\/11\/noticia-apilo-mes-tarragona-768x474.png 768w, https:\/\/agora.xtec.cat\/escjoanardevol\/wp-content\/uploads\/usu550\/2017\/11\/noticia-apilo-mes-tarragona-1024x631.png 1024w, https:\/\/agora.xtec.cat\/escjoanardevol\/wp-content\/uploads\/usu550\/2017\/11\/noticia-apilo-mes-tarragona.png 1260w\" sizes=\"auto, (max-width: 300px) 100vw, 300px\" \/><\/a><figcaption class=\"wp-caption-text\">Diari M\u00e9s Tarragona 02\/08\/2017<\/figcaption><\/figure>\n<p>&nbsp;<\/p>\n<p>Podeu consultar la llista de guanyadors i els articles relacionats\u00a0:<\/p>\n<p style=\"text-align: center;\"><a href=\"http:\/\/agora.xtec.cat\/escjoanardevol\/wp-content\/uploads\/usu550\/2017\/11\/APILO.llistatGuanyador_2017.pdf\" target=\"_blank\" rel=\"noopener noreferrer\">APILO.llistatGuanyador_2017<\/a><\/p>\n<p style=\"text-align: center;\"><a href=\"http:\/\/agora.xtec.cat\/escjoanardevol\/wp-content\/uploads\/usu550\/2017\/11\/apilo16_17_1.pdf\" target=\"_blank\" rel=\"noopener noreferrer\">apilo16_17_1<\/a><\/p>\n<p>&nbsp;<\/p>\n<p>&nbsp;<\/p>\n<p>&nbsp;<\/p>\n<p>&nbsp;<\/p>\n","protected":false},"excerpt":{"rendered":"<p>Torna el programa Apilo XII&hellip;  <a href=\"https:\/\/agora.xtec.cat\/escjoanardevol\/general\/apilo-18-19\/\" title=\"Read Torna el programa Apilo XII\">Llegeix m\u00e9s\u00bb<\/a><\/p>\n","protected":false},"author":28,"featured_media":4936,"comment_status":"closed","ping_status":"closed","sticky":false,"template":"","format":"standard","meta":{"_bbp_topic_count":0,"_bbp_reply_count":0,"_bbp_total_topic_count":0,"_bbp_total_reply_count":0,"_bbp_voice_count":0,"_bbp_anonymous_reply_count":0,"_bbp_topic_count_hidden":0,"_bbp_reply_count_hidden":0,"_bbp_forum_subforum_count":0,"footnotes":""},"categories":[206,1,4,5],"tags":[216,108],"class_list":["post-4921","post","type-post","status-publish","format-standard","has-post-thumbnail","hentry","category-verda","category-general","category-portada","category-primaria","tag-apilo","tag-escola-verda"],"post_mailing_queue_ids":[],"_links":{"self":[{"href":"https:\/\/agora.xtec.cat\/escjoanardevol\/wp-json\/wp\/v2\/posts\/4921","targetHints":{"allow":["GET"]}}],"collection":[{"href":"https:\/\/agora.xtec.cat\/escjoanardevol\/wp-json\/wp\/v2\/posts"}],"about":[{"href":"https:\/\/agora.xtec.cat\/escjoanardevol\/wp-json\/wp\/v2\/types\/post"}],"author":[{"embeddable":true,"href":"https:\/\/agora.xtec.cat\/escjoanardevol\/wp-json\/wp\/v2\/users\/28"}],"replies":[{"embeddable":true,"href":"https:\/\/agora.xtec.cat\/escjoanardevol\/wp-json\/wp\/v2\/comments?post=4921"}],"version-history":[{"count":3,"href":"https:\/\/agora.xtec.cat\/escjoanardevol\/wp-json\/wp\/v2\/posts\/4921\/revisions"}],"predecessor-version":[{"id":4941,"href":"https:\/\/agora.xtec.cat\/escjoanardevol\/wp-json\/wp\/v2\/posts\/4921\/revisions\/4941"}],"wp:featuredmedia":[{"embeddable":true,"href":"https:\/\/agora.xtec.cat\/escjoanardevol\/wp-json\/wp\/v2\/media\/4936"}],"wp:attachment":[{"href":"https:\/\/agora.xtec.cat\/escjoanardevol\/wp-json\/wp\/v2\/media?parent=4921"}],"wp:term":[{"taxonomy":"category","embeddable":true,"href":"https:\/\/agora.xtec.cat\/escjoanardevol\/wp-json\/wp\/v2\/categories?post=4921"},{"taxonomy":"post_tag","embeddable":true,"href":"https:\/\/agora.xtec.cat\/escjoanardevol\/wp-json\/wp\/v2\/tags?post=4921"}],"curies":[{"name":"wp","href":"https:\/\/api.w.org\/{rel}","templated":true}]}}