{"id":4915,"date":"2017-11-03T12:10:40","date_gmt":"2017-11-03T11:10:40","guid":{"rendered":"http:\/\/agora.xtec.cat\/escjoanardevol\/?p=4915"},"modified":"2017-11-03T12:10:40","modified_gmt":"2017-11-03T11:10:40","slug":"sortida-deducacio-infantil-per-la-castanyada","status":"publish","type":"post","link":"https:\/\/agora.xtec.cat\/escjoanardevol\/infantil\/sortida-deducacio-infantil-per-la-castanyada\/","title":{"rendered":"Sortida d&#8217;educaci\u00f3 infantil per la Castanyada"},"content":{"rendered":"<p>Dimarts al mat\u00ed les nenes i els nens d&#8217;Educaci\u00f3 Infantil vam fer una sortida al parc del Pinaret. Vam veure a la castanyera que es passejava entre els pins, la vam saludar i li vam cantar la seva can\u00e7\u00f3. Ens va fer molta il\u00b7lusi\u00f3 !!<\/p>\n<p><a href=\"https:\/\/photos.app.goo.gl\/bvYj7EKDUorR2beh2\" target=\"_blank\" rel=\"noopener noreferrer\"><img loading=\"lazy\" decoding=\"async\" class=\"alignnone wp-image-4916\" src=\"http:\/\/agora.xtec.cat\/escjoanardevol\/wp-content\/uploads\/usu550\/2017\/11\/IMG_4347-c\u00f2pia-1024x768.jpg\" alt=\"\" width=\"500\" height=\"375\" srcset=\"https:\/\/agora.xtec.cat\/escjoanardevol\/wp-content\/uploads\/usu550\/2017\/11\/IMG_4347-c\u00f2pia-1024x768.jpg 1024w, https:\/\/agora.xtec.cat\/escjoanardevol\/wp-content\/uploads\/usu550\/2017\/11\/IMG_4347-c\u00f2pia-300x225.jpg 300w, https:\/\/agora.xtec.cat\/escjoanardevol\/wp-content\/uploads\/usu550\/2017\/11\/IMG_4347-c\u00f2pia-768x576.jpg 768w, https:\/\/agora.xtec.cat\/escjoanardevol\/wp-content\/uploads\/usu550\/2017\/11\/IMG_4347-c\u00f2pia-200x150.jpg 200w\" sizes=\"auto, (max-width: 500px) 100vw, 500px\" \/><\/a><\/p>\n<p>Clica a la foto per accedir a l&#8217;\u00e0lbum<\/p>\n","protected":false},"excerpt":{"rendered":"<p>Dimarts al mat\u00ed les nenes i els nens d&#8217;Educaci\u00f3 Infantil vam fer una sortida al parc del Pinaret. Vam veure a la castanyera que es passejava entre els pins, la vam saludar i li vam cantar la seva can\u00e7\u00f3. Ens va fer molta il\u00b7lusi\u00f3 !!<br \/>\n<a&hellip;  <a href=\"https:\/\/agora.xtec.cat\/escjoanardevol\/infantil\/sortida-deducacio-infantil-per-la-castanyada\/\" title=\"Read Sortida d&#8217;educaci\u00f3 infantil per la Castanyada\">Llegeix m\u00e9s\u00bb<\/a><\/p>\n","protected":false},"author":1,"featured_media":4916,"comment_status":"closed","ping_status":"closed","sticky":false,"template":"","format":"standard","meta":{"_bbp_topic_count":0,"_bbp_reply_count":0,"_bbp_total_topic_count":0,"_bbp_total_reply_count":0,"_bbp_voice_count":0,"_bbp_anonymous_reply_count":0,"_bbp_topic_count_hidden":0,"_bbp_reply_count_hidden":0,"_bbp_forum_subforum_count":0,"footnotes":""},"categories":[2,3,8,9,4],"tags":[59,73,103,115,16],"class_list":["post-4915","post","type-post","status-publish","format-standard","has-post-thumbnail","hentry","category-infantil","category-p3","category-p4","category-p5","category-portada","tag-activitats","tag-castanyada","tag-educacio-infantil","tag-festes","tag-sortides"],"post_mailing_queue_ids":[],"_links":{"self":[{"href":"https:\/\/agora.xtec.cat\/escjoanardevol\/wp-json\/wp\/v2\/posts\/4915","targetHints":{"allow":["GET"]}}],"collection":[{"href":"https:\/\/agora.xtec.cat\/escjoanardevol\/wp-json\/wp\/v2\/posts"}],"about":[{"href":"https:\/\/agora.xtec.cat\/escjoanardevol\/wp-json\/wp\/v2\/types\/post"}],"author":[{"embeddable":true,"href":"https:\/\/agora.xtec.cat\/escjoanardevol\/wp-json\/wp\/v2\/users\/1"}],"replies":[{"embeddable":true,"href":"https:\/\/agora.xtec.cat\/escjoanardevol\/wp-json\/wp\/v2\/comments?post=4915"}],"version-history":[{"count":1,"href":"https:\/\/agora.xtec.cat\/escjoanardevol\/wp-json\/wp\/v2\/posts\/4915\/revisions"}],"predecessor-version":[{"id":4917,"href":"https:\/\/agora.xtec.cat\/escjoanardevol\/wp-json\/wp\/v2\/posts\/4915\/revisions\/4917"}],"wp:featuredmedia":[{"embeddable":true,"href":"https:\/\/agora.xtec.cat\/escjoanardevol\/wp-json\/wp\/v2\/media\/4916"}],"wp:attachment":[{"href":"https:\/\/agora.xtec.cat\/escjoanardevol\/wp-json\/wp\/v2\/media?parent=4915"}],"wp:term":[{"taxonomy":"category","embeddable":true,"href":"https:\/\/agora.xtec.cat\/escjoanardevol\/wp-json\/wp\/v2\/categories?post=4915"},{"taxonomy":"post_tag","embeddable":true,"href":"https:\/\/agora.xtec.cat\/escjoanardevol\/wp-json\/wp\/v2\/tags?post=4915"}],"curies":[{"name":"wp","href":"https:\/\/api.w.org\/{rel}","templated":true}]}}