{"id":489,"date":"2011-06-01T21:16:51","date_gmt":"2011-06-01T21:16:51","guid":{"rendered":"http:\/\/joanardevol.org\/info\/?p=489"},"modified":"2011-06-01T21:16:51","modified_gmt":"2011-06-01T21:16:51","slug":"el-teatre-de-5e-a-televisio-de-cambrils","status":"publish","type":"post","link":"https:\/\/agora.xtec.cat\/escjoanardevol\/general\/el-teatre-de-5e-a-televisio-de-cambrils\/","title":{"rendered":"El teatre de 5\u00e8 a Televisi\u00f3 de Cambrils"},"content":{"rendered":"<p>A la Tele de Cambrils tamb\u00e9 es fan ress\u00f2 del teatre que van fer els nostres alumnes de 5\u00e8 en el marc del Pla Experimental de Lleng\u00fces Estrangeres.<br \/>\n Podeu veure un estracte de la not\u00edcia:<\/p>\n<p><iframe loading=\"lazy\" width=\"425\" height=\"349\" src=\"http:\/\/www.youtube.com\/embed\/EuWGk6ZBcRQ\" frameborder=\"0\" allowfullscreen><\/iframe>&nbsp;<\/p>\n","protected":false},"excerpt":{"rendered":"<p>A la Tele de Cambrils tamb\u00e9 es fan ress\u00f2 del teatre que van fer els nostres alumnes de 5\u00e8 en el marc del Pla Experimental de Lleng\u00fces Estrangeres.<br \/>\n Podeu veure un estracte de la not\u00edcia:<br \/>\n&nbsp;<\/p>\n","protected":false},"author":1,"featured_media":0,"comment_status":"open","ping_status":"open","sticky":false,"template":"","format":"standard","meta":{"_bbp_topic_count":0,"_bbp_reply_count":0,"_bbp_total_topic_count":0,"_bbp_total_reply_count":0,"_bbp_voice_count":0,"_bbp_anonymous_reply_count":0,"_bbp_topic_count_hidden":0,"_bbp_reply_count_hidden":0,"_bbp_forum_subforum_count":0,"footnotes":""},"categories":[14,1],"tags":[77,152,180],"class_list":["post-489","post","type-post","status-publish","format-standard","hentry","category-5e","category-general","tag-cicle-superior-2","tag-pele","tag-teatre"],"post_mailing_queue_ids":[],"_links":{"self":[{"href":"https:\/\/agora.xtec.cat\/escjoanardevol\/wp-json\/wp\/v2\/posts\/489","targetHints":{"allow":["GET"]}}],"collection":[{"href":"https:\/\/agora.xtec.cat\/escjoanardevol\/wp-json\/wp\/v2\/posts"}],"about":[{"href":"https:\/\/agora.xtec.cat\/escjoanardevol\/wp-json\/wp\/v2\/types\/post"}],"author":[{"embeddable":true,"href":"https:\/\/agora.xtec.cat\/escjoanardevol\/wp-json\/wp\/v2\/users\/1"}],"replies":[{"embeddable":true,"href":"https:\/\/agora.xtec.cat\/escjoanardevol\/wp-json\/wp\/v2\/comments?post=489"}],"version-history":[{"count":0,"href":"https:\/\/agora.xtec.cat\/escjoanardevol\/wp-json\/wp\/v2\/posts\/489\/revisions"}],"wp:attachment":[{"href":"https:\/\/agora.xtec.cat\/escjoanardevol\/wp-json\/wp\/v2\/media?parent=489"}],"wp:term":[{"taxonomy":"category","embeddable":true,"href":"https:\/\/agora.xtec.cat\/escjoanardevol\/wp-json\/wp\/v2\/categories?post=489"},{"taxonomy":"post_tag","embeddable":true,"href":"https:\/\/agora.xtec.cat\/escjoanardevol\/wp-json\/wp\/v2\/tags?post=489"}],"curies":[{"name":"wp","href":"https:\/\/api.w.org\/{rel}","templated":true}]}}