{"id":483,"date":"2011-06-01T11:19:06","date_gmt":"2011-06-01T11:19:06","guid":{"rendered":"http:\/\/joanardevol.org\/primaria\/?p=496"},"modified":"2011-06-01T11:19:06","modified_gmt":"2011-06-01T11:19:06","slug":"cinderella-and-snow-white","status":"publish","type":"post","link":"https:\/\/agora.xtec.cat\/escjoanardevol\/general\/cinderella-and-snow-white\/","title":{"rendered":"\u201cCinderella\u201d and \u201cSnow White\u201d."},"content":{"rendered":"<p>Dilluns 30 i dimarts 31 de maig, els alumnes de 5\u00e8 van representar dues adaptacions en angl\u00e8s de \u201cLa Ventafocs\u201d i \u201cBlancaneus\u00a0 i els set nans\u201d. Les representacions teatrals formen part del PELE (Pla Experimental de Lleng\u00fces Estrangeres) que es desenvolupa a l\u2019escola des de fa tres anys.<\/p>\n<p>Per portar a terme aquest magn\u00edfic espectacle, els alumnes de cinqu\u00e8 han estat treballant de valent durant tot el curs, preparant els di\u00e0legs, assajant les escenes i pintant els decorats.<\/p>\n<p><a href=\"http:\/\/joanardevol.org\/primaria\/wp-content\/uploads\/2011\/06\/CIMG1222.jpg\"><br \/>\n<\/a><a href=\"http:\/\/joanardevol.org\/primaria\/wp-content\/uploads\/2011\/06\/CIMG12211.jpg\"><img loading=\"lazy\" decoding=\"async\" class=\"alignnone size-medium wp-image-501\" title=\"CIMG1221\" src=\"http:\/\/joanardevol.org\/primaria\/wp-content\/uploads\/2011\/06\/CIMG12211-300x225.jpg\" alt=\"\" width=\"300\" height=\"225\" \/><\/a><a href=\"http:\/\/joanardevol.org\/primaria\/wp-content\/uploads\/2011\/06\/CIMG12191.jpg\"><img loading=\"lazy\" decoding=\"async\" class=\"alignnone size-medium wp-image-502\" title=\"CIMG1219\" src=\"http:\/\/joanardevol.org\/primaria\/wp-content\/uploads\/2011\/06\/CIMG12191-300x225.jpg\" alt=\"\" width=\"294\" height=\"220\" \/><\/a><\/p>\n<p><a href=\"http:\/\/joanardevol.org\/primaria\/wp-content\/uploads\/2011\/06\/CIMG1247.jpg\"><img loading=\"lazy\" decoding=\"async\" class=\"alignnone size-medium wp-image-504\" title=\"CIMG1247\" src=\"http:\/\/joanardevol.org\/primaria\/wp-content\/uploads\/2011\/06\/CIMG1247-300x225.jpg\" alt=\"\" width=\"300\" height=\"225\" \/><\/a> <a href=\"http:\/\/joanardevol.org\/primaria\/wp-content\/uploads\/2011\/06\/CIMG1237.jpg\"><img loading=\"lazy\" decoding=\"async\" class=\"alignnone size-medium wp-image-507\" title=\"CIMG1237\" src=\"http:\/\/joanardevol.org\/primaria\/wp-content\/uploads\/2011\/06\/CIMG1237-300x225.jpg\" alt=\"\" width=\"300\" height=\"225\" \/><\/a><\/p>\n<p>Tot i els nervis de l\u2019estrena, el resultat va ser excel\u00b7lent!! MOLTES FELICITATS !!<\/p>\n<p><a href=\"http:\/\/joanardevol.org\/primaria\/wp-content\/uploads\/2011\/06\/CIMG1258.jpg\"><img loading=\"lazy\" decoding=\"async\" class=\"alignnone size-medium wp-image-518\" title=\"CIMG1258\" src=\"http:\/\/joanardevol.org\/primaria\/wp-content\/uploads\/2011\/06\/CIMG1258-300x225.jpg\" alt=\"\" width=\"300\" height=\"225\" \/> <\/a><a href=\"http:\/\/joanardevol.org\/primaria\/wp-content\/uploads\/2011\/06\/CIMG12614.jpg\"><img loading=\"lazy\" decoding=\"async\" class=\"alignnone size-medium wp-image-519\" title=\"CIMG1261\" src=\"http:\/\/joanardevol.org\/primaria\/wp-content\/uploads\/2011\/06\/CIMG12614-300x225.jpg\" alt=\"\" width=\"300\" height=\"225\" \/><\/a><\/p>\n","protected":false},"excerpt":{"rendered":"<p>Dilluns 30 i dimarts 31 de maig, els alumnes de 5\u00e8 van representar dues adaptacions en angl\u00e8s de &#8220;La Ventafocs&#8221; i &#8220;Blancaneus\u00a0 i els set nans&#8221;. Les representacions teatrals formen part del PELE (Pla Experimental de Lleng\u00fces Estrangeres) que es &#8230; <a href=\"http:\/\/joanardevol.org\/primaria\/?p=496\">Continua llegint <span>&#8594;<\/span><\/a>&hellip;  <a href=\"https:\/\/agora.xtec.cat\/escjoanardevol\/general\/cinderella-and-snow-white\/\" title=\"Read \u201cCinderella\u201d and \u201cSnow White\u201d.\">Llegeix m\u00e9s\u00bb<\/a><\/p>\n","protected":false},"author":1,"featured_media":0,"comment_status":"open","ping_status":"closed","sticky":false,"template":"","format":"standard","meta":{"_bbp_topic_count":0,"_bbp_reply_count":0,"_bbp_total_topic_count":0,"_bbp_total_reply_count":0,"_bbp_voice_count":0,"_bbp_anonymous_reply_count":0,"_bbp_topic_count_hidden":0,"_bbp_reply_count_hidden":0,"_bbp_forum_subforum_count":0,"footnotes":""},"categories":[1],"tags":[77],"class_list":["post-483","post","type-post","status-publish","format-standard","hentry","category-general","tag-cicle-superior-2"],"post_mailing_queue_ids":[],"_links":{"self":[{"href":"https:\/\/agora.xtec.cat\/escjoanardevol\/wp-json\/wp\/v2\/posts\/483","targetHints":{"allow":["GET"]}}],"collection":[{"href":"https:\/\/agora.xtec.cat\/escjoanardevol\/wp-json\/wp\/v2\/posts"}],"about":[{"href":"https:\/\/agora.xtec.cat\/escjoanardevol\/wp-json\/wp\/v2\/types\/post"}],"author":[{"embeddable":true,"href":"https:\/\/agora.xtec.cat\/escjoanardevol\/wp-json\/wp\/v2\/users\/1"}],"replies":[{"embeddable":true,"href":"https:\/\/agora.xtec.cat\/escjoanardevol\/wp-json\/wp\/v2\/comments?post=483"}],"version-history":[{"count":0,"href":"https:\/\/agora.xtec.cat\/escjoanardevol\/wp-json\/wp\/v2\/posts\/483\/revisions"}],"wp:attachment":[{"href":"https:\/\/agora.xtec.cat\/escjoanardevol\/wp-json\/wp\/v2\/media?parent=483"}],"wp:term":[{"taxonomy":"category","embeddable":true,"href":"https:\/\/agora.xtec.cat\/escjoanardevol\/wp-json\/wp\/v2\/categories?post=483"},{"taxonomy":"post_tag","embeddable":true,"href":"https:\/\/agora.xtec.cat\/escjoanardevol\/wp-json\/wp\/v2\/tags?post=483"}],"curies":[{"name":"wp","href":"https:\/\/api.w.org\/{rel}","templated":true}]}}