{"id":4828,"date":"2017-10-18T10:55:56","date_gmt":"2017-10-18T08:55:56","guid":{"rendered":"http:\/\/agora.xtec.cat\/escjoanardevol\/?p=4828"},"modified":"2017-10-18T15:36:51","modified_gmt":"2017-10-18T13:36:51","slug":"primicia","status":"publish","type":"post","link":"https:\/\/agora.xtec.cat\/escjoanardevol\/general\/primicia\/","title":{"rendered":"Prim\u00edcia!"},"content":{"rendered":"<table class=\" alignleft\" style=\"width: 740px;border-color: #fafafa\">\n<tbody>\n<tr>\n<td style=\"width: 386px\">La Rosana ens ha comunicat en prim\u00edcia la propera publicaci\u00f3 del seu primer llibre\u00a0<strong>Les aventures d&#8217;en Nic<\/strong>.<\/p>\n<p>Properament vindr\u00e0 a la nostra escola per presentar-lo. Es publicar\u00e0 el dijous 30 de novembre i est\u00e0 destinat per a nens del cicle superior i endavant. Podeu seguir-la al seu\u00a0<a href=\"http:\/\/colordetardor.blogspot.com.es\">blog<\/a>.<\/p>\n<p>Li desitgem molta sort.<\/p>\n<p>Merc\u00e8s Rosana.<\/td>\n<td style=\"width: 346px\"><img loading=\"lazy\" decoding=\"async\" class=\" wp-image-4831 aligncenter\" src=\"http:\/\/agora.xtec.cat\/escjoanardevol\/wp-content\/uploads\/usu550\/2017\/10\/aventuresNic.jpg\" alt=\"\" width=\"170\" height=\"250\" srcset=\"https:\/\/agora.xtec.cat\/escjoanardevol\/wp-content\/uploads\/usu550\/2017\/10\/aventuresNic.jpg 422w, https:\/\/agora.xtec.cat\/escjoanardevol\/wp-content\/uploads\/usu550\/2017\/10\/aventuresNic-204x300.jpg 204w\" sizes=\"auto, (max-width: 170px) 100vw, 170px\" \/><\/td>\n<\/tr>\n<\/tbody>\n<\/table>\n<p>&nbsp;<\/p>\n<p>&nbsp;<\/p>\n","protected":false},"excerpt":{"rendered":"<p>La Rosana ens ha comunicat en prim\u00edcia la propera publicaci\u00f3 del seu primer llibre\u00a0Les aventures d&#8217;en Nic.<br \/>\nProperament vindr\u00e0 a la nostra escola per presentar-lo. Es publicar\u00e0 el dijous 30 de novembre i est\u00e0 destinat per a nens del cicle superior i endavant. Podeu seguir-la al&hellip;  <a href=\"https:\/\/agora.xtec.cat\/escjoanardevol\/general\/primicia\/\" title=\"Read Prim\u00edcia!\">Llegeix m\u00e9s\u00bb<\/a><\/p>\n","protected":false},"author":5,"featured_media":4831,"comment_status":"closed","ping_status":"closed","sticky":false,"template":"","format":"standard","meta":{"_bbp_topic_count":0,"_bbp_reply_count":0,"_bbp_total_topic_count":0,"_bbp_total_reply_count":0,"_bbp_voice_count":0,"_bbp_anonymous_reply_count":0,"_bbp_topic_count_hidden":0,"_bbp_reply_count_hidden":0,"_bbp_forum_subforum_count":0,"footnotes":""},"categories":[1,4,5],"tags":[67,69,75,76,77,130,133],"class_list":["post-4828","post","type-post","status-publish","format-standard","has-post-thumbnail","hentry","category-general","category-portada","category-primaria","tag-biblioteca","tag-cambrils","tag-cicle-inicial","tag-cicle-mitja","tag-cicle-superior-2","tag-lectura","tag-llibres"],"post_mailing_queue_ids":[],"_links":{"self":[{"href":"https:\/\/agora.xtec.cat\/escjoanardevol\/wp-json\/wp\/v2\/posts\/4828","targetHints":{"allow":["GET"]}}],"collection":[{"href":"https:\/\/agora.xtec.cat\/escjoanardevol\/wp-json\/wp\/v2\/posts"}],"about":[{"href":"https:\/\/agora.xtec.cat\/escjoanardevol\/wp-json\/wp\/v2\/types\/post"}],"author":[{"embeddable":true,"href":"https:\/\/agora.xtec.cat\/escjoanardevol\/wp-json\/wp\/v2\/users\/5"}],"replies":[{"embeddable":true,"href":"https:\/\/agora.xtec.cat\/escjoanardevol\/wp-json\/wp\/v2\/comments?post=4828"}],"version-history":[{"count":4,"href":"https:\/\/agora.xtec.cat\/escjoanardevol\/wp-json\/wp\/v2\/posts\/4828\/revisions"}],"predecessor-version":[{"id":4840,"href":"https:\/\/agora.xtec.cat\/escjoanardevol\/wp-json\/wp\/v2\/posts\/4828\/revisions\/4840"}],"wp:featuredmedia":[{"embeddable":true,"href":"https:\/\/agora.xtec.cat\/escjoanardevol\/wp-json\/wp\/v2\/media\/4831"}],"wp:attachment":[{"href":"https:\/\/agora.xtec.cat\/escjoanardevol\/wp-json\/wp\/v2\/media?parent=4828"}],"wp:term":[{"taxonomy":"category","embeddable":true,"href":"https:\/\/agora.xtec.cat\/escjoanardevol\/wp-json\/wp\/v2\/categories?post=4828"},{"taxonomy":"post_tag","embeddable":true,"href":"https:\/\/agora.xtec.cat\/escjoanardevol\/wp-json\/wp\/v2\/tags?post=4828"}],"curies":[{"name":"wp","href":"https:\/\/api.w.org\/{rel}","templated":true}]}}