{"id":4733,"date":"2017-06-19T13:44:59","date_gmt":"2017-06-19T11:44:59","guid":{"rendered":"http:\/\/agora.xtec.cat\/escjoanardevol\/?p=4733"},"modified":"2017-06-23T12:32:06","modified_gmt":"2017-06-23T10:32:06","slug":"ultimes-missions-dels-agents-verds","status":"publish","type":"post","link":"https:\/\/agora.xtec.cat\/escjoanardevol\/general\/ultimes-missions-dels-agents-verds\/","title":{"rendered":"\u00daLTIMES MISSIONS DELS AGENTS VERDS"},"content":{"rendered":"<p>El divendres 16 de juny els Agents Verds van estar for\u00e7a enfeinats duent a terme una doble missi\u00f3.<\/p>\n<p>Per una banda, van fer entrega a totes les classes d\u2019un diploma acreditatiu de la quantitat de piles recollides pel concurs Apilo. Quant a l\u2019escola van informar que la classe guanyadora havia estat 4t B amb un total de 137 kg i, per aix\u00f2, se\u2019ls va fer entrega d\u2019una xapa amb el logo i la mascota d\u2019Escola Verda. Tamb\u00e9 van recordar que aquest concurs \u00e9s anual i, per tant, hem de seguir reciclant piles!<\/p>\n<p>D\u2019altra banda, van visitar els alumnes de 5\u00e8 per tal de fer el trasp\u00e0s d\u2019Agents Verds, fent entrega dels carnets que el curs vinent els identificar\u00e0 com ajudants oficials d\u2019en Verdi i aix\u00ed continuar la tasca d\u2019Escola Verda.<\/p>\n<p>A continuaci\u00f3 us deixem els v\u00eddeos d\u2019ambdues accions.<\/p>\n<p>I recordeu: Els petits canvis&#8230; s\u00f3n poderosos!<\/p>\n<p><a href=\"https:\/\/goo.gl\/photos\/NAhFStvDXe21R3Ub8\" target=\"_blank\"><img loading=\"lazy\" decoding=\"async\" class=\"alignnone wp-image-4734 size-medium\" src=\"http:\/\/agora.xtec.cat\/escjoanardevol\/wp-content\/uploads\/usu550\/2017\/06\/Imagen1-300x170.jpg\" alt=\"Imagen1\" width=\"300\" height=\"170\" srcset=\"https:\/\/agora.xtec.cat\/escjoanardevol\/wp-content\/uploads\/usu550\/2017\/06\/Imagen1-300x170.jpg 300w, https:\/\/agora.xtec.cat\/escjoanardevol\/wp-content\/uploads\/usu550\/2017\/06\/Imagen1-768x435.jpg 768w, https:\/\/agora.xtec.cat\/escjoanardevol\/wp-content\/uploads\/usu550\/2017\/06\/Imagen1.jpg 836w\" sizes=\"auto, (max-width: 300px) 100vw, 300px\" \/><\/a><\/p>\n<p>&nbsp;<\/p>\n","protected":false},"excerpt":{"rendered":"<p>El divendres 16 de juny els Agents Verds van estar for\u00e7a enfeinats duent a terme una doble missi\u00f3.<br \/>\nPer una banda, van fer entrega a totes les classes d\u2019un diploma acreditatiu de la quantitat de piles recollides pel concurs Apilo. Quant a l\u2019escola van informar que&hellip;  <a href=\"https:\/\/agora.xtec.cat\/escjoanardevol\/general\/ultimes-missions-dels-agents-verds\/\" title=\"Read \u00daLTIMES MISSIONS DELS AGENTS VERDS\">Llegeix m\u00e9s\u00bb<\/a><\/p>\n","protected":false},"author":1,"featured_media":4734,"comment_status":"closed","ping_status":"closed","sticky":false,"template":"","format":"standard","meta":{"_bbp_topic_count":0,"_bbp_reply_count":0,"_bbp_total_topic_count":0,"_bbp_total_reply_count":0,"_bbp_voice_count":0,"_bbp_anonymous_reply_count":0,"_bbp_topic_count_hidden":0,"_bbp_reply_count_hidden":0,"_bbp_forum_subforum_count":0,"footnotes":""},"categories":[14,15,206,1,4],"tags":[59,77,94,108,182,187],"class_list":["post-4733","post","type-post","status-publish","format-standard","has-post-thumbnail","hentry","category-5e","category-6e","category-verda","category-general","category-portada","tag-activitats","tag-cicle-superior-2","tag-cooperacio","tag-escola-verda","tag-treball","tag-valors"],"post_mailing_queue_ids":[],"_links":{"self":[{"href":"https:\/\/agora.xtec.cat\/escjoanardevol\/wp-json\/wp\/v2\/posts\/4733","targetHints":{"allow":["GET"]}}],"collection":[{"href":"https:\/\/agora.xtec.cat\/escjoanardevol\/wp-json\/wp\/v2\/posts"}],"about":[{"href":"https:\/\/agora.xtec.cat\/escjoanardevol\/wp-json\/wp\/v2\/types\/post"}],"author":[{"embeddable":true,"href":"https:\/\/agora.xtec.cat\/escjoanardevol\/wp-json\/wp\/v2\/users\/1"}],"replies":[{"embeddable":true,"href":"https:\/\/agora.xtec.cat\/escjoanardevol\/wp-json\/wp\/v2\/comments?post=4733"}],"version-history":[{"count":1,"href":"https:\/\/agora.xtec.cat\/escjoanardevol\/wp-json\/wp\/v2\/posts\/4733\/revisions"}],"predecessor-version":[{"id":4735,"href":"https:\/\/agora.xtec.cat\/escjoanardevol\/wp-json\/wp\/v2\/posts\/4733\/revisions\/4735"}],"wp:featuredmedia":[{"embeddable":true,"href":"https:\/\/agora.xtec.cat\/escjoanardevol\/wp-json\/wp\/v2\/media\/4734"}],"wp:attachment":[{"href":"https:\/\/agora.xtec.cat\/escjoanardevol\/wp-json\/wp\/v2\/media?parent=4733"}],"wp:term":[{"taxonomy":"category","embeddable":true,"href":"https:\/\/agora.xtec.cat\/escjoanardevol\/wp-json\/wp\/v2\/categories?post=4733"},{"taxonomy":"post_tag","embeddable":true,"href":"https:\/\/agora.xtec.cat\/escjoanardevol\/wp-json\/wp\/v2\/tags?post=4733"}],"curies":[{"name":"wp","href":"https:\/\/api.w.org\/{rel}","templated":true}]}}