{"id":4724,"date":"2017-06-08T08:37:35","date_gmt":"2017-06-08T06:37:35","guid":{"rendered":"http:\/\/agora.xtec.cat\/escjoanardevol\/?p=4724"},"modified":"2017-06-08T08:37:35","modified_gmt":"2017-06-08T06:37:35","slug":"colonies-de-cicle-inicial","status":"publish","type":"post","link":"https:\/\/agora.xtec.cat\/escjoanardevol\/portada\/colonies-de-cicle-inicial\/","title":{"rendered":"Col\u00f2nies de Cicle Inicial"},"content":{"rendered":"<p>Els alumnes de Cicle inicial vam anar de col\u00f2nies els dies 29 i 30 de maig a la casa <strong>M\u00f3n Ser\u00e8<\/strong> ubicada a la localitat de <strong>Les Piles<\/strong>. En arribar ens esperaven el D\u00eddac i la No\u00e8lia que van ser els nostres monitors. Durant el mat\u00ed del primer dia vam fer dos grups i una va fer l\u2019activitat \u201cF\u00f2ssils\u201d i l\u2019altra la de les \u201cAbelles\u201d. Despr\u00e9s de dinar vam fer una caminada fins a\u00a0 un lloc anomenat la Font del Llorac. All\u00e0 vam fabricar menjadores per als ocells. A la tarda, vam fer de detectius pel poble. Abans de sopar vam preparar els llits i tot i que ens vol\u00edem quedar a dormir, vam baixar a sopar i vam fer l\u2019activitat nocturna. L\u2019endem\u00e0 al mat\u00ed, despr\u00e9s d\u2019esmorzar, vam fer les activitats de F\u00f2ssils i d\u2019Abelles que no hav\u00edem fet el dia anterior. Abans de dinar vam fer joc lliure i despr\u00e9s de dinar vam tornar cap a Cambrils molt contents i amb ganes de m\u00e9s.<\/p>\n<p><a href=\"https:\/\/goo.gl\/photos\/byxRSYBhKKaoiDuM7\" target=\"_blank\"><img loading=\"lazy\" decoding=\"async\" class=\"alignnone wp-image-4725 size-medium\" src=\"http:\/\/agora.xtec.cat\/escjoanardevol\/wp-content\/uploads\/usu550\/2017\/06\/IMG_0224-c\u00f2pia-300x225.jpg\" alt=\"IMG_0224 - c\u00f2pia\" width=\"300\" height=\"225\" srcset=\"https:\/\/agora.xtec.cat\/escjoanardevol\/wp-content\/uploads\/usu550\/2017\/06\/IMG_0224-c\u00f2pia-300x225.jpg 300w, https:\/\/agora.xtec.cat\/escjoanardevol\/wp-content\/uploads\/usu550\/2017\/06\/IMG_0224-c\u00f2pia-768x576.jpg 768w, https:\/\/agora.xtec.cat\/escjoanardevol\/wp-content\/uploads\/usu550\/2017\/06\/IMG_0224-c\u00f2pia-1024x768.jpg 1024w, https:\/\/agora.xtec.cat\/escjoanardevol\/wp-content\/uploads\/usu550\/2017\/06\/IMG_0224-c\u00f2pia-200x150.jpg 200w, https:\/\/agora.xtec.cat\/escjoanardevol\/wp-content\/uploads\/usu550\/2017\/06\/IMG_0224-c\u00f2pia.jpg 1288w\" sizes=\"auto, (max-width: 300px) 100vw, 300px\" \/><\/a><\/p>\n","protected":false},"excerpt":{"rendered":"<p>Els alumnes de Cicle inicial vam anar de col\u00f2nies els dies 29 i 30 de maig a la casa M\u00f3n Ser\u00e8 ubicada a la localitat de Les Piles. En arribar ens esperaven el D\u00eddac i la No\u00e8lia que van ser els nostres monitors. Durant el&hellip;  <a href=\"https:\/\/agora.xtec.cat\/escjoanardevol\/portada\/colonies-de-cicle-inicial\/\" title=\"Read Col\u00f2nies de Cicle Inicial\">Llegeix m\u00e9s\u00bb<\/a><\/p>\n","protected":false},"author":1,"featured_media":4725,"comment_status":"closed","ping_status":"closed","sticky":false,"template":"","format":"standard","meta":{"_bbp_topic_count":0,"_bbp_reply_count":0,"_bbp_total_topic_count":0,"_bbp_total_reply_count":0,"_bbp_voice_count":0,"_bbp_anonymous_reply_count":0,"_bbp_topic_count_hidden":0,"_bbp_reply_count_hidden":0,"_bbp_forum_subforum_count":0,"footnotes":""},"categories":[10,11,4,5],"tags":[59,75,86,93],"class_list":["post-4724","post","type-post","status-publish","format-standard","has-post-thumbnail","hentry","category-1r","category-2n","category-portada","category-primaria","tag-activitats","tag-cicle-inicial","tag-colonies","tag-convivencia"],"post_mailing_queue_ids":[],"_links":{"self":[{"href":"https:\/\/agora.xtec.cat\/escjoanardevol\/wp-json\/wp\/v2\/posts\/4724","targetHints":{"allow":["GET"]}}],"collection":[{"href":"https:\/\/agora.xtec.cat\/escjoanardevol\/wp-json\/wp\/v2\/posts"}],"about":[{"href":"https:\/\/agora.xtec.cat\/escjoanardevol\/wp-json\/wp\/v2\/types\/post"}],"author":[{"embeddable":true,"href":"https:\/\/agora.xtec.cat\/escjoanardevol\/wp-json\/wp\/v2\/users\/1"}],"replies":[{"embeddable":true,"href":"https:\/\/agora.xtec.cat\/escjoanardevol\/wp-json\/wp\/v2\/comments?post=4724"}],"version-history":[{"count":1,"href":"https:\/\/agora.xtec.cat\/escjoanardevol\/wp-json\/wp\/v2\/posts\/4724\/revisions"}],"predecessor-version":[{"id":4726,"href":"https:\/\/agora.xtec.cat\/escjoanardevol\/wp-json\/wp\/v2\/posts\/4724\/revisions\/4726"}],"wp:featuredmedia":[{"embeddable":true,"href":"https:\/\/agora.xtec.cat\/escjoanardevol\/wp-json\/wp\/v2\/media\/4725"}],"wp:attachment":[{"href":"https:\/\/agora.xtec.cat\/escjoanardevol\/wp-json\/wp\/v2\/media?parent=4724"}],"wp:term":[{"taxonomy":"category","embeddable":true,"href":"https:\/\/agora.xtec.cat\/escjoanardevol\/wp-json\/wp\/v2\/categories?post=4724"},{"taxonomy":"post_tag","embeddable":true,"href":"https:\/\/agora.xtec.cat\/escjoanardevol\/wp-json\/wp\/v2\/tags?post=4724"}],"curies":[{"name":"wp","href":"https:\/\/api.w.org\/{rel}","templated":true}]}}