{"id":4714,"date":"2017-06-05T20:39:22","date_gmt":"2017-06-05T18:39:22","guid":{"rendered":"http:\/\/agora.xtec.cat\/escjoanardevol\/?p=4714"},"modified":"2017-06-05T20:44:33","modified_gmt":"2017-06-05T18:44:33","slug":"colonies-de-sise","status":"publish","type":"post","link":"https:\/\/agora.xtec.cat\/escjoanardevol\/portada\/colonies-de-sise\/","title":{"rendered":"Col\u00f2nies de sis\u00e8"},"content":{"rendered":"<p>Els dies 31 de maig, 1 i 2 de juny els de sis\u00e8 vam anar de col\u00f2nies a Can Putxet, una casa de col\u00f2nies que est\u00e0 a Sant Celoni, al peu del Montseny.<\/p>\n<p>Vam fer unes activitats molt entretingudes i divertides: BTT, escalada, paintball, bigballs, quads, etc. Per la nit vam anar a la discoteca on vam poder escollir els temes que vol\u00edem que el DJ fes sonar. Tamb\u00e9 ens vam banyar a la piscina. El menjar era molt bo i vam gaudir de bona companyia i uns dies inoblidables tots plegats.<\/p>\n<p><a href=\"https:\/\/goo.gl\/photos\/Uish87aLcNk67iYf9\" target=\"_blank\"><img loading=\"lazy\" decoding=\"async\" class=\"alignnone wp-image-4715\" src=\"http:\/\/agora.xtec.cat\/escjoanardevol\/wp-content\/uploads\/usu550\/2017\/06\/IMG_20170602_150656-c\u00f2pia.jpg\" alt=\"IMG_20170602_150656 - c\u00f2pia\" width=\"599\" height=\"291\" srcset=\"https:\/\/agora.xtec.cat\/escjoanardevol\/wp-content\/uploads\/usu550\/2017\/06\/IMG_20170602_150656-c\u00f2pia.jpg 992w, https:\/\/agora.xtec.cat\/escjoanardevol\/wp-content\/uploads\/usu550\/2017\/06\/IMG_20170602_150656-c\u00f2pia-300x146.jpg 300w, https:\/\/agora.xtec.cat\/escjoanardevol\/wp-content\/uploads\/usu550\/2017\/06\/IMG_20170602_150656-c\u00f2pia-768x373.jpg 768w\" sizes=\"auto, (max-width: 599px) 100vw, 599px\" \/><\/a><\/p>\n","protected":false},"excerpt":{"rendered":"<p>Els dies 31 de maig, 1 i 2 de juny els de sis\u00e8 vam anar de col\u00f2nies a Can Putxet, una casa de col\u00f2nies que est\u00e0 a Sant Celoni, al peu del Montseny.<br \/>\nVam fer unes activitats molt entretingudes i divertides: BTT, escalada, paintball, bigballs, quads,&hellip;  <a href=\"https:\/\/agora.xtec.cat\/escjoanardevol\/portada\/colonies-de-sise\/\" title=\"Read Col\u00f2nies de sis\u00e8\">Llegeix m\u00e9s\u00bb<\/a><\/p>\n","protected":false},"author":1,"featured_media":4715,"comment_status":"closed","ping_status":"closed","sticky":false,"template":"","format":"standard","meta":{"_bbp_topic_count":0,"_bbp_reply_count":0,"_bbp_total_topic_count":0,"_bbp_total_reply_count":0,"_bbp_voice_count":0,"_bbp_anonymous_reply_count":0,"_bbp_topic_count_hidden":0,"_bbp_reply_count_hidden":0,"_bbp_forum_subforum_count":0,"footnotes":""},"categories":[15,4],"tags":[59,77,86,93,16],"class_list":["post-4714","post","type-post","status-publish","format-standard","has-post-thumbnail","hentry","category-6e","category-portada","tag-activitats","tag-cicle-superior-2","tag-colonies","tag-convivencia","tag-sortides"],"post_mailing_queue_ids":[],"_links":{"self":[{"href":"https:\/\/agora.xtec.cat\/escjoanardevol\/wp-json\/wp\/v2\/posts\/4714","targetHints":{"allow":["GET"]}}],"collection":[{"href":"https:\/\/agora.xtec.cat\/escjoanardevol\/wp-json\/wp\/v2\/posts"}],"about":[{"href":"https:\/\/agora.xtec.cat\/escjoanardevol\/wp-json\/wp\/v2\/types\/post"}],"author":[{"embeddable":true,"href":"https:\/\/agora.xtec.cat\/escjoanardevol\/wp-json\/wp\/v2\/users\/1"}],"replies":[{"embeddable":true,"href":"https:\/\/agora.xtec.cat\/escjoanardevol\/wp-json\/wp\/v2\/comments?post=4714"}],"version-history":[{"count":2,"href":"https:\/\/agora.xtec.cat\/escjoanardevol\/wp-json\/wp\/v2\/posts\/4714\/revisions"}],"predecessor-version":[{"id":4717,"href":"https:\/\/agora.xtec.cat\/escjoanardevol\/wp-json\/wp\/v2\/posts\/4714\/revisions\/4717"}],"wp:featuredmedia":[{"embeddable":true,"href":"https:\/\/agora.xtec.cat\/escjoanardevol\/wp-json\/wp\/v2\/media\/4715"}],"wp:attachment":[{"href":"https:\/\/agora.xtec.cat\/escjoanardevol\/wp-json\/wp\/v2\/media?parent=4714"}],"wp:term":[{"taxonomy":"category","embeddable":true,"href":"https:\/\/agora.xtec.cat\/escjoanardevol\/wp-json\/wp\/v2\/categories?post=4714"},{"taxonomy":"post_tag","embeddable":true,"href":"https:\/\/agora.xtec.cat\/escjoanardevol\/wp-json\/wp\/v2\/tags?post=4714"}],"curies":[{"name":"wp","href":"https:\/\/api.w.org\/{rel}","templated":true}]}}